{"id":560,"date":"2025-06-02T12:48:51","date_gmt":"2025-06-02T12:48:51","guid":{"rendered":"https:\/\/mediallabor.com.br\/blog\/?p=560"},"modified":"2025-06-02T14:18:43","modified_gmt":"2025-06-02T14:18:43","slug":"transtornos-alimentares","status":"publish","type":"post","link":"https:\/\/mediallabor.com.br\/blog\/transtornos-alimentares\/","title":{"rendered":"Como identificar e lidar com transtornos alimentares na fam\u00edlia"},"content":{"rendered":"\n<p>Transtornos alimentares s\u00e3o condi\u00e7\u00f5es s\u00e9rias que afetam n\u00e3o apenas a rela\u00e7\u00e3o da pessoa com a comida, mas tamb\u00e9m sua sa\u00fade f\u00edsica e emocional. Reconhecer os sinais precocemente pode ser o diferencial entre um problema passageiro e um transtorno cr\u00f4nico. E quando isso acontece dentro da fam\u00edlia, o apoio \u00e9 fundamental.<br><br>Neste artigo, voc\u00ea vai aprender a <strong>identificar os sinais dos principais transtornos alimentares<\/strong>, como lidar com essa situa\u00e7\u00e3o de forma humanizada e quais caminhos buscar para o <strong>tratamento com acompanhamento m\u00e9dico e psicol\u00f3gico<\/strong>.<\/p>\n\n\n\n<h2 class=\"wp-block-heading\" style=\"font-size:20px\"><strong><mark style=\"background-color:rgba(0, 0, 0, 0);color:#7a4488\" class=\"has-inline-color\"><strong><strong>O que s\u00e3o transtornos alimentares?<\/strong><\/strong><\/mark><\/strong><\/h2>\n\n\n\n<p>Transtornos alimentares s\u00e3o condi\u00e7\u00f5es de sa\u00fade mental caracterizadas por comportamentos alimentares disfuncionais. Os mais comuns s\u00e3o:<\/p>\n\n\n\n<ul class=\"wp-block-list\">\n<li><strong>Anorexia nervosa<\/strong>: recusa em manter um peso corporal adequado.<br><\/li>\n\n\n\n<li><strong>Bulimia nervosa<\/strong>: epis\u00f3dios de compuls\u00e3o seguidos por purga\u00e7\u00e3o (v\u00f4mitos, laxantes).<br><\/li>\n\n\n\n<li><strong>Transtorno de compuls\u00e3o alimentar peri\u00f3dica (TCAP)<\/strong>: epis\u00f3dios frequentes de ingest\u00e3o exagerada de alimentos sem comportamento compensat\u00f3rio.<\/li>\n<\/ul>\n\n\n\n<h2 class=\"wp-block-heading\" style=\"font-size:20px\"><strong><mark style=\"background-color:rgba(0, 0, 0, 0);color:#7a4488\" class=\"has-inline-color\"><strong>Principais sinais de alerta em casa<\/strong><\/mark><\/strong><\/h2>\n\n\n\n<p>Muitos dos primeiros sinais aparecem no ambiente familiar:<\/p>\n\n\n\n<ul class=\"wp-block-list\">\n<li>Coment\u00e1rios negativos frequentes sobre o corpo ou peso<br><\/li>\n\n\n\n<li>Recusa em comer em p\u00fablico ou com a fam\u00edlia<br><\/li>\n\n\n\n<li>Cria\u00e7\u00e3o de rituais ao comer (ex: cortar o alimento em partes m\u00ednimas)<br><\/li>\n\n\n\n<li>Perda ou ganho de peso abrupto<br><\/li>\n\n\n\n<li>Mudan\u00e7as de humor, isolamento social e ansiedade<\/li>\n<\/ul>\n\n\n\n<h2 class=\"wp-block-heading has-medium-font-size\"><strong><mark style=\"background-color:rgba(0, 0, 0, 0);color:#7a4488\" class=\"has-inline-color\"><strong>Como a fam\u00edlia pode ajudar?<\/strong><\/mark><\/strong><\/h2>\n\n\n\n<p>O papel da fam\u00edlia \u00e9 crucial. Algumas orienta\u00e7\u00f5es importantes:<\/p>\n\n\n\n<ul class=\"wp-block-list\">\n<li><strong>N\u00e3o julgar nem minimizar<\/strong> o comportamento da pessoa<br><\/li>\n\n\n\n<li><strong>Oferecer apoio emocional constante<\/strong><strong><br><\/strong><\/li>\n\n\n\n<li>Estimular a busca por <strong>ajuda profissional especializada<\/strong><strong><br><\/strong><\/li>\n\n\n\n<li>Promover um ambiente de alimenta\u00e7\u00e3o saud\u00e1vel e equilibrada<\/li>\n<\/ul>\n\n\n\n<h2 class=\"wp-block-heading\" style=\"font-size:20px\"><strong><mark style=\"background-color:rgba(0, 0, 0, 0);color:#7a4488\" class=\"has-inline-color\"><strong>Quando procurar ajuda m\u00e9dica?<\/strong><\/mark><\/strong><\/h2>\n\n\n\n<p>O ideal \u00e9 procurar <strong>ajuda assim que surgirem os primeiros sinais<\/strong>. Um acompanhamento com psic\u00f3logo e endocrinologista pode oferecer suporte cl\u00ednico e emocional essencial para a recupera\u00e7\u00e3o.<br>Na <strong>Medial Labor<\/strong>, oferecemos orienta\u00e7\u00e3o e exames que auxiliam no diagn\u00f3stico e monitoramento de transtornos alimentares. Estamos prontos para acolher voc\u00ea e sua fam\u00edlia com respeito, sigilo e profissionalismo.<\/p>\n\n\n\n<h2 class=\"wp-block-heading\" style=\"font-size:20px\"><strong><mark style=\"background-color:rgba(0, 0, 0, 0);color:#7a4488\" class=\"has-inline-color\">Conclus\u00e3o<\/mark><\/strong><\/h2>\n\n\n\n<p>Transtornos alimentares n\u00e3o s\u00e3o fases. Eles exigem aten\u00e7\u00e3o, cuidado e tratamento. Se voc\u00ea percebeu algo diferente em algu\u00e9m da sua fam\u00edlia ou em voc\u00ea mesmo, <strong>n\u00e3o hesite em buscar ajuda profissional.<\/strong> Quanto antes, melhor!<\/p>\n\n\n\n<p><strong>Na Medial Labor somos uma clinica m\u00e9dica que pode te auxiliar com um endocrinologista, ele poder\u00e1 tirar algumas d\u00favidas sobre transtorno alimentar e te indicar para um especialista de sa\u00fade mental ! <a data-type=\"link\" data-id=\"https:\/\/api.whatsapp.com\/send?phone=5511976734825&amp;text=Ol%C3%A1,%20preciso%20de%20informa%C3%A7%C3%B5es.\" href=\"https:\/\/api.whatsapp.com\/send?phone=5511976734825&amp;text=Ol%C3%A1,%20preciso%20de%20informa%C3%A7%C3%B5es.\">Clique aqui<\/a> para falar conosco no Whatsapp ou ligue para nossa cl\u00ednica no telefone <a href=\"tel:01129870210\">(11) 2987-0210<\/a>. Sua sa\u00fade merece esse cuidado.<\/strong><\/p>\n\n\n\n<p><\/p>\n","protected":false},"excerpt":{"rendered":"<p>Transtornos alimentares s\u00e3o condi\u00e7\u00f5es s\u00e9rias que afetam n\u00e3o apenas a rela\u00e7\u00e3o da pessoa com a comida, mas tamb\u00e9m sua sa\u00fade f\u00edsica e emocional. Reconhecer os sinais precocemente pode ser o diferencial entre um problema passageiro e um transtorno cr\u00f4nico. E quando isso acontece dentro da fam\u00edlia, o apoio \u00e9 fundamental. Neste artigo, voc\u00ea vai aprender a identificar os sinais dos principais transtornos alimentares, como lidar com essa situa\u00e7\u00e3o de forma humanizada e quais caminhos buscar para o tratamento com acompanhamento m\u00e9dico e psicol\u00f3gico. O que s\u00e3o transtornos alimentares? Transtornos alimentares s\u00e3o condi\u00e7\u00f5es de sa\u00fade mental caracterizadas por comportamentos alimentares disfuncionais. Os mais comuns s\u00e3o: Principais sinais de alerta em casa Muitos dos primeiros sinais aparecem no ambiente familiar: Como a fam\u00edlia pode ajudar? O papel da fam\u00edlia \u00e9 crucial. Algumas orienta\u00e7\u00f5es importantes: Quando procurar ajuda m\u00e9dica? O ideal \u00e9 procurar ajuda assim que surgirem os primeiros sinais. Um acompanhamento com psic\u00f3logo e endocrinologista pode oferecer suporte cl\u00ednico e emocional essencial para a recupera\u00e7\u00e3o.Na Medial Labor, oferecemos orienta\u00e7\u00e3o e exames que auxiliam no diagn\u00f3stico e monitoramento de transtornos alimentares. Estamos prontos para acolher voc\u00ea e sua fam\u00edlia com respeito, sigilo e profissionalismo. Conclus\u00e3o Transtornos alimentares n\u00e3o s\u00e3o fases. Eles exigem aten\u00e7\u00e3o, cuidado e tratamento. Se voc\u00ea percebeu algo diferente em algu\u00e9m da sua fam\u00edlia ou em voc\u00ea mesmo, n\u00e3o hesite em buscar ajuda profissional. Quanto antes, melhor! Na Medial Labor somos uma clinica m\u00e9dica que pode te auxiliar com um endocrinologista, ele poder\u00e1 tirar algumas d\u00favidas sobre transtorno alimentar e te indicar para um especialista de sa\u00fade mental ! Clique aqui para falar conosco no Whatsapp ou ligue para nossa cl\u00ednica no telefone (11) 2987-0210. Sua sa\u00fade merece esse cuidado.<\/p>\n","protected":false},"author":1,"featured_media":561,"comment_status":"open","ping_status":"open","sticky":false,"template":"","format":"standard","meta":{"om_disable_all_campaigns":false,"_monsterinsights_skip_tracking":false,"_monsterinsights_sitenote_active":false,"_monsterinsights_sitenote_note":"","_monsterinsights_sitenote_category":0,"_uf_show_specific_survey":0,"_uf_disable_surveys":false,"footnotes":""},"categories":[22],"tags":[17,16,20,21,19,15,18,14],"class_list":["post-560","post","type-post","status-publish","format-standard","has-post-thumbnail","hentry","category-saude-mental","tag-anorexia","tag-bulimia","tag-clinica-medica-sao-paulo","tag-clinica-medica-zona-norte-sp","tag-compulsao-alimentar","tag-psicologo","tag-sinais-de-transtornos-alimentares","tag-transtorno-alimentar"],"aioseo_notices":[],"_links":{"self":[{"href":"https:\/\/mediallabor.com.br\/blog\/wp-json\/wp\/v2\/posts\/560","targetHints":{"allow":["GET"]}}],"collection":[{"href":"https:\/\/mediallabor.com.br\/blog\/wp-json\/wp\/v2\/posts"}],"about":[{"href":"https:\/\/mediallabor.com.br\/blog\/wp-json\/wp\/v2\/types\/post"}],"author":[{"embeddable":true,"href":"https:\/\/mediallabor.com.br\/blog\/wp-json\/wp\/v2\/users\/1"}],"replies":[{"embeddable":true,"href":"https:\/\/mediallabor.com.br\/blog\/wp-json\/wp\/v2\/comments?post=560"}],"version-history":[{"count":3,"href":"https:\/\/mediallabor.com.br\/blog\/wp-json\/wp\/v2\/posts\/560\/revisions"}],"predecessor-version":[{"id":564,"href":"https:\/\/mediallabor.com.br\/blog\/wp-json\/wp\/v2\/posts\/560\/revisions\/564"}],"wp:featuredmedia":[{"embeddable":true,"href":"https:\/\/mediallabor.com.br\/blog\/wp-json\/wp\/v2\/media\/561"}],"wp:attachment":[{"href":"https:\/\/mediallabor.com.br\/blog\/wp-json\/wp\/v2\/media?parent=560"}],"wp:term":[{"taxonomy":"category","embeddable":true,"href":"https:\/\/mediallabor.com.br\/blog\/wp-json\/wp\/v2\/categories?post=560"},{"taxonomy":"post_tag","embeddable":true,"href":"https:\/\/mediallabor.com.br\/blog\/wp-json\/wp\/v2\/tags?post=560"}],"curies":[{"name":"wp","href":"https:\/\/api.w.org\/{rel}","templated":true}]}}