{"id":565,"date":"2025-06-04T12:17:03","date_gmt":"2025-06-04T12:17:03","guid":{"rendered":"https:\/\/mediallabor.com.br\/blog\/?p=565"},"modified":"2025-06-04T12:19:02","modified_gmt":"2025-06-04T12:19:02","slug":"cancer-de-pele-nao-melanoma-sinais-prevencao-e-quando-procurar-um-dermatologista","status":"publish","type":"post","link":"https:\/\/mediallabor.com.br\/blog\/cancer-de-pele-nao-melanoma-sinais-prevencao-e-quando-procurar-um-dermatologista\/","title":{"rendered":"C\u00e2ncer de pele n\u00e3o melanoma, entenda o que \u00e9!"},"content":{"rendered":"\n<p>O c\u00e2ncer de pele n\u00e3o melanoma \u00e9 o tipo mais comum da doen\u00e7a no Brasil, representando cerca de 30% dos tumores malignos registrados no pa\u00eds, segundo o INCA. Embora seja menos agressivo do que o melanoma, ele ainda pode causar danos se n\u00e3o for tratado corretamente.<br><br>Neste artigo, voc\u00ea entender\u00e1 os <strong>principais sinais de alerta<\/strong>, formas de preven\u00e7\u00e3o e a import\u00e2ncia de manter uma rotina de avalia\u00e7\u00e3o com o <strong>dermatologista<\/strong>.<\/p>\n\n\n\n<h2 class=\"wp-block-heading\" style=\"font-size:20px\"><strong><mark style=\"background-color:rgba(0, 0, 0, 0);color:#7a4488\" class=\"has-inline-color\"><strong><strong><strong>O que \u00e9 o c\u00e2ncer de pele n\u00e3o melanoma?<\/strong><\/strong><\/strong><\/mark><\/strong><\/h2>\n\n\n\n<p>\u00c9 um tipo de c\u00e2ncer que se desenvolve nas <strong>c\u00e9lulas da epiderme<\/strong>, geralmente causado pela <strong>exposi\u00e7\u00e3o prolongada ao sol sem prote\u00e7\u00e3o<\/strong>. Os dois subtipos mais comuns s\u00e3o:<\/p>\n\n\n\n<ul class=\"wp-block-list\">\n<li><strong>Carcinoma basocelular (CBC)<\/strong> \u2013 mais frequente e menos agressivo.<br><\/li>\n\n\n\n<li><strong>Carcinoma espinocelular (CEC)<\/strong> \u2013 pode se espalhar se n\u00e3o tratado precocemente.<\/li>\n<\/ul>\n\n\n\n<h2 class=\"wp-block-heading\" style=\"font-size:20px\"><strong><mark style=\"background-color:rgba(0, 0, 0, 0);color:#7a4488\" class=\"has-inline-color\"><strong><strong>Sinais de alerta para observar na pele<\/strong><\/strong><\/mark><\/strong><\/h2>\n\n\n\n<ul class=\"wp-block-list\">\n<li>Les\u00f5es que <strong>n\u00e3o cicatrizam<\/strong><strong><br><\/strong><\/li>\n\n\n\n<li>Feridas que <strong>sangram com facilidade<\/strong><strong><br><\/strong><\/li>\n\n\n\n<li>Manchas \u00e1speras ou avermelhadas<br><\/li>\n\n\n\n<li>Pequenas protuber\u00e2ncias com <strong>brilho perolado<\/strong><strong><br><\/strong><\/li>\n\n\n\n<li>Mudan\u00e7as de cor ou textura em pintas antigas<\/li>\n<\/ul>\n\n\n\n<h2 class=\"wp-block-heading has-medium-font-size\"><strong><strong><mark style=\"background-color:rgba(0, 0, 0, 0);color:#1d657e\" class=\"has-inline-color\">Importante: qualquer altera\u00e7\u00e3o persistente deve ser avaliada por um dermatologista<\/mark><\/strong><\/strong><\/h2>\n\n\n\n<h2 class=\"wp-block-heading\" style=\"font-size:20px\"><strong><mark style=\"background-color:rgba(0, 0, 0, 0);color:#7a4488\" class=\"has-inline-color\"><strong><strong><strong>Como prevenir o c\u00e2ncer de pele<\/strong><\/strong><\/strong><\/mark><\/strong><\/h2>\n\n\n\n<p>A preven\u00e7\u00e3o ainda \u00e9 a melhor arma:<\/p>\n\n\n\n<ul class=\"wp-block-list\">\n<li><strong>Use protetor solar todos os dias<\/strong> (FPS 30 ou mais)<br><\/li>\n\n\n\n<li>Reaplique o produto a cada 2h, principalmente em \u00e1reas expostas<br><\/li>\n\n\n\n<li>Evite exposi\u00e7\u00e3o ao sol entre 10h e 16h<br><\/li>\n\n\n\n<li>Utilize chap\u00e9us, \u00f3culos escuros e roupas com prote\u00e7\u00e3o UV<br><\/li>\n\n\n\n<li>Realize <strong>autoexames peri\u00f3dicos<\/strong> e <strong>consultas dermatol\u00f3gicas anuais<\/strong><\/li>\n<\/ul>\n\n\n\n<h2 class=\"wp-block-heading has-medium-font-size\"><strong><strong><mark style=\"background-color:rgba(0, 0, 0, 0);color:#7a4488\" class=\"has-inline-color\"><strong><strong><strong><strong>Quando procurar um dermatologista?<\/strong><\/strong><\/strong><\/strong><\/mark><\/strong><\/strong><\/h2>\n\n\n\n<p>Voc\u00ea deve agendar uma avalia\u00e7\u00e3o:<\/p>\n\n\n\n<ul class=\"wp-block-list\">\n<li>Ao perceber <strong>les\u00f5es persistentes<\/strong> na pele<br><\/li>\n\n\n\n<li>Caso haja <strong>hist\u00f3rico familiar de c\u00e2ncer de pele<\/strong><strong><br><\/strong><\/li>\n\n\n\n<li>Para manter um <strong>check-up dermatol\u00f3gico de rotina<\/strong><\/li>\n<\/ul>\n\n\n\n<h2 class=\"wp-block-heading\" style=\"font-size:20px\"><strong><mark style=\"background-color:rgba(0, 0, 0, 0);color:#7a4488\" class=\"has-inline-color\">Conclus\u00e3o<\/mark><\/strong><\/h2>\n\n\n\n<p>O c\u00e2ncer de pele n\u00e3o melanoma pode ser evitado com cuidados simples e aten\u00e7\u00e3o di\u00e1ria. Quanto mais cedo o diagn\u00f3stico, <strong>maior a chance de tratamento eficaz e menos invasivo.<\/strong> Cuide da sua pele, cuide da sua sa\u00fade.<br><br><strong>Na Medial Labor somos uma clinica m\u00e9dica localizada na Vila Sabrina zona norte de S\u00e3o Paulo, podemos esclarecer algumas d\u00favidas sobre sua sa\u00fade e te indicar para um especialista de sa\u00fade mental ! <a data-type=\"link\" data-id=\"https:\/\/api.whatsapp.com\/send?phone=5511976734825&amp;text=Ol%C3%A1,%20preciso%20de%20informa%C3%A7%C3%B5es.\" href=\"https:\/\/api.whatsapp.com\/send?phone=5511976734825&amp;text=Ol%C3%A1,%20preciso%20de%20informa%C3%A7%C3%B5es.\">Clique aqui<\/a> para falar conosco no Whatsapp ou ligue para nossa cl\u00ednica no telefone <a href=\"tel:01129870210\">(11) 2987-0210<\/a>. Sua sa\u00fade merece esse cuidado.<\/strong><\/p>\n\n\n\n<p><\/p>\n","protected":false},"excerpt":{"rendered":"<p>O c\u00e2ncer de pele n\u00e3o melanoma \u00e9 o tipo mais comum da doen\u00e7a no Brasil, representando cerca de 30% dos tumores malignos registrados no pa\u00eds, segundo o INCA. Embora seja menos agressivo do que o melanoma, ele ainda pode causar danos se n\u00e3o for tratado corretamente. Neste artigo, voc\u00ea entender\u00e1 os principais sinais de alerta, formas de preven\u00e7\u00e3o e a import\u00e2ncia de manter uma rotina de avalia\u00e7\u00e3o com o dermatologista. O que \u00e9 o c\u00e2ncer de pele n\u00e3o melanoma? \u00c9 um tipo de c\u00e2ncer que se desenvolve nas c\u00e9lulas da epiderme, geralmente causado pela exposi\u00e7\u00e3o prolongada ao sol sem prote\u00e7\u00e3o. Os dois subtipos mais comuns s\u00e3o: Sinais de alerta para observar na pele Importante: qualquer altera\u00e7\u00e3o persistente deve ser avaliada por um dermatologista Como prevenir o c\u00e2ncer de pele A preven\u00e7\u00e3o ainda \u00e9 a melhor arma: Quando procurar um dermatologista? Voc\u00ea deve agendar uma avalia\u00e7\u00e3o: Conclus\u00e3o O c\u00e2ncer de pele n\u00e3o melanoma pode ser evitado com cuidados simples e aten\u00e7\u00e3o di\u00e1ria. Quanto mais cedo o diagn\u00f3stico, maior a chance de tratamento eficaz e menos invasivo. Cuide da sua pele, cuide da sua sa\u00fade. Na Medial Labor somos uma clinica m\u00e9dica localizada na Vila Sabrina zona norte de S\u00e3o Paulo, podemos esclarecer algumas d\u00favidas sobre sua sa\u00fade e te indicar para um especialista de sa\u00fade mental ! Clique aqui para falar conosco no Whatsapp ou ligue para nossa cl\u00ednica no telefone (11) 2987-0210. Sua sa\u00fade merece esse cuidado.<\/p>\n","protected":false},"author":1,"featured_media":566,"comment_status":"open","ping_status":"open","sticky":false,"template":"","format":"standard","meta":{"om_disable_all_campaigns":false,"_monsterinsights_skip_tracking":false,"_monsterinsights_sitenote_active":false,"_monsterinsights_sitenote_note":"","_monsterinsights_sitenote_category":0,"_uf_show_specific_survey":0,"_uf_disable_surveys":false,"footnotes":""},"categories":[22],"tags":[17,16,20,21,19,15,18,14],"class_list":["post-565","post","type-post","status-publish","format-standard","has-post-thumbnail","hentry","category-saude-mental","tag-anorexia","tag-bulimia","tag-clinica-medica-sao-paulo","tag-clinica-medica-zona-norte-sp","tag-compulsao-alimentar","tag-psicologo","tag-sinais-de-transtornos-alimentares","tag-transtorno-alimentar"],"aioseo_notices":[],"_links":{"self":[{"href":"https:\/\/mediallabor.com.br\/blog\/wp-json\/wp\/v2\/posts\/565","targetHints":{"allow":["GET"]}}],"collection":[{"href":"https:\/\/mediallabor.com.br\/blog\/wp-json\/wp\/v2\/posts"}],"about":[{"href":"https:\/\/mediallabor.com.br\/blog\/wp-json\/wp\/v2\/types\/post"}],"author":[{"embeddable":true,"href":"https:\/\/mediallabor.com.br\/blog\/wp-json\/wp\/v2\/users\/1"}],"replies":[{"embeddable":true,"href":"https:\/\/mediallabor.com.br\/blog\/wp-json\/wp\/v2\/comments?post=565"}],"version-history":[{"count":2,"href":"https:\/\/mediallabor.com.br\/blog\/wp-json\/wp\/v2\/posts\/565\/revisions"}],"predecessor-version":[{"id":568,"href":"https:\/\/mediallabor.com.br\/blog\/wp-json\/wp\/v2\/posts\/565\/revisions\/568"}],"wp:featuredmedia":[{"embeddable":true,"href":"https:\/\/mediallabor.com.br\/blog\/wp-json\/wp\/v2\/media\/566"}],"wp:attachment":[{"href":"https:\/\/mediallabor.com.br\/blog\/wp-json\/wp\/v2\/media?parent=565"}],"wp:term":[{"taxonomy":"category","embeddable":true,"href":"https:\/\/mediallabor.com.br\/blog\/wp-json\/wp\/v2\/categories?post=565"},{"taxonomy":"post_tag","embeddable":true,"href":"https:\/\/mediallabor.com.br\/blog\/wp-json\/wp\/v2\/tags?post=565"}],"curies":[{"name":"wp","href":"https:\/\/api.w.org\/{rel}","templated":true}]}}