{"id":574,"date":"2025-07-11T13:12:30","date_gmt":"2025-07-11T13:12:30","guid":{"rendered":"https:\/\/mediallabor.com.br\/blog\/?p=574"},"modified":"2025-07-11T13:12:30","modified_gmt":"2025-07-11T13:12:30","slug":"fisioterapia-dores-cronicas","status":"publish","type":"post","link":"https:\/\/mediallabor.com.br\/blog\/fisioterapia-dores-cronicas\/","title":{"rendered":"Fisioterapia: Como Ela Pode Aliviar Dores Cr\u00f4nicas e Melhorar Sua Vida"},"content":{"rendered":"\n<p>Se voc\u00ea convive com dores no pesco\u00e7o, nas costas ou nas articula\u00e7\u00f5es, saiba que isso n\u00e3o precisa ser \u201cnormal\u201d. A <strong>fisioterapia para dor cr\u00f4nica<\/strong> \u00e9 uma das alternativas mais eficazes para restaurar o movimento, aliviar sintomas e devolver a autonomia no dia a dia.<\/p>\n\n\n\n<h2 class=\"wp-block-heading\" style=\"font-size:20px\"><strong><mark style=\"background-color:rgba(0, 0, 0, 0);color:#7a4488\" class=\"has-inline-color\"><strong><strong><strong><strong><strong>O que \u00e9 dor cr\u00f4nica e por que ela acontece?<\/strong><\/strong><\/strong><\/strong><\/strong><\/mark><\/strong><\/h2>\n\n\n\n<p>Dor cr\u00f4nica \u00e9 aquela que dura mais de 3 meses, com ou sem causa evidente. Pode surgir ap\u00f3s les\u00f5es, doen\u00e7as degenerativas ou at\u00e9 por maus h\u00e1bitos posturais. Ao longo do tempo, essa dor afeta o humor, o sono, a disposi\u00e7\u00e3o e at\u00e9 a produtividade.<\/p>\n\n\n\n<h2 class=\"wp-block-heading\" style=\"font-size:20px\"><strong><mark style=\"background-color:rgba(0, 0, 0, 0);color:#7a4488\" class=\"has-inline-color\"><strong><strong><strong>Como a fisioterapia pode ajudar?<\/strong><\/strong><\/strong><\/mark><\/strong><\/h2>\n\n\n\n<p>A fisioterapia atua diretamente na causa da dor, promovendo:<\/p>\n\n\n\n<ul class=\"wp-block-list\">\n<li>Al\u00edvio da inflama\u00e7\u00e3o<\/li>\n\n\n\n<li>Reeduca\u00e7\u00e3o postural<\/li>\n\n\n\n<li>Refor\u00e7o muscular<\/li>\n\n\n\n<li>Melhora da mobilidade<\/li>\n\n\n\n<li>Relaxamento e bem-estar<\/li>\n<\/ul>\n\n\n\n<p>Os fisioterapeutas da Medial utilizam <strong>t\u00e9cnicas personalizadas<\/strong> para cada paciente, respeitando o ritmo do seu corpo.<br><\/p>\n\n\n\n<h2 class=\"wp-block-heading has-medium-font-size\"><strong><mark style=\"background-color:rgba(0, 0, 0, 0);color:#7a4488\" class=\"has-inline-color\"><strong><strong><strong><strong><strong>Principais t\u00e9cnicas utilizadas:<\/strong><\/strong><\/strong><\/strong><\/strong><\/mark><\/strong><\/h2>\n\n\n\n<ul class=\"wp-block-list\">\n<li>Exerc\u00edcios terap\u00eauticos<br><\/li>\n\n\n\n<li>Libera\u00e7\u00e3o miofascial<br><\/li>\n\n\n\n<li>Alongamentos guiados<br><\/li>\n\n\n\n<li>Terapia manual<br><\/li>\n\n\n\n<li>Eletroterapia e ultrassom<\/li>\n<\/ul>\n\n\n\n<h2 class=\"wp-block-heading\"><strong><mark style=\"background-color:rgba(0, 0, 0, 0);color:#7a4488\" class=\"has-inline-color\"><strong><strong>Conclus\u00e3o<\/strong><\/strong><\/mark><\/strong><\/h2>\n\n\n\n<p>Voc\u00ea n\u00e3o precisa se acostumar com a dor. A fisioterapia \u00e9 uma aliada segura e acess\u00edvel para recuperar sua qualidade de vida.<\/p>\n\n\n\n<p><strong>Alivie suas dores agora \u2014 entre em contato conosco e marque sua avalia\u00e7\u00e3o na Medial Labor!<\/strong><br><br><strong>Na Medial Labor somos uma clinica m\u00e9dica localizada na Vila Sabrina zona norte de S\u00e3o Paulo, podemos esclarecer algumas d\u00favidas sobre sua sa\u00fade e te indicar para um especialista de sa\u00fade mental ! <a data-type=\"link\" data-id=\"https:\/\/api.whatsapp.com\/send?phone=5511976734825&amp;text=Ol%C3%A1,%20preciso%20de%20informa%C3%A7%C3%B5es.\" href=\"https:\/\/api.whatsapp.com\/send?phone=5511976734825&amp;text=Ol%C3%A1,%20preciso%20de%20informa%C3%A7%C3%B5es.\">Clique aqui<\/a> para falar conosco no Whatsapp ou ligue para nossa cl\u00ednica no telefone <a href=\"tel:01129870210\">(11) 2987-0210<\/a>. Sua sa\u00fade merece esse cuidado.<\/strong><\/p>\n\n\n\n<p><\/p>\n","protected":false},"excerpt":{"rendered":"<p>Se voc\u00ea convive com dores no pesco\u00e7o, nas costas ou nas articula\u00e7\u00f5es, saiba que isso n\u00e3o precisa ser \u201cnormal\u201d. A fisioterapia para dor cr\u00f4nica \u00e9 uma das alternativas mais eficazes para restaurar o movimento, aliviar sintomas e devolver a autonomia no dia a dia. O que \u00e9 dor cr\u00f4nica e por que ela acontece? Dor cr\u00f4nica \u00e9 aquela que dura mais de 3 meses, com ou sem causa evidente. Pode surgir ap\u00f3s les\u00f5es, doen\u00e7as degenerativas ou at\u00e9 por maus h\u00e1bitos posturais. Ao longo do tempo, essa dor afeta o humor, o sono, a disposi\u00e7\u00e3o e at\u00e9 a produtividade. Como a fisioterapia pode ajudar? A fisioterapia atua diretamente na causa da dor, promovendo: Os fisioterapeutas da Medial utilizam t\u00e9cnicas personalizadas para cada paciente, respeitando o ritmo do seu corpo. Principais t\u00e9cnicas utilizadas: Conclus\u00e3o Voc\u00ea n\u00e3o precisa se acostumar com a dor. A fisioterapia \u00e9 uma aliada segura e acess\u00edvel para recuperar sua qualidade de vida. Alivie suas dores agora \u2014 entre em contato conosco e marque sua avalia\u00e7\u00e3o na Medial Labor! Na Medial Labor somos uma clinica m\u00e9dica localizada na Vila Sabrina zona norte de S\u00e3o Paulo, podemos esclarecer algumas d\u00favidas sobre sua sa\u00fade e te indicar para um especialista de sa\u00fade mental ! Clique aqui para falar conosco no Whatsapp ou ligue para nossa cl\u00ednica no telefone (11) 2987-0210. Sua sa\u00fade merece esse cuidado.<\/p>\n","protected":false},"author":1,"featured_media":572,"comment_status":"open","ping_status":"open","sticky":false,"template":"","format":"standard","meta":{"om_disable_all_campaigns":false,"_monsterinsights_skip_tracking":false,"_monsterinsights_sitenote_active":false,"_monsterinsights_sitenote_note":"","_monsterinsights_sitenote_category":0,"_uf_show_specific_survey":0,"_uf_disable_surveys":false,"footnotes":""},"categories":[31,7],"tags":[33,32,36,35,34],"class_list":["post-574","post","type-post","status-publish","format-standard","has-post-thumbnail","hentry","category-fisioterapia","category-saude","tag-fisioterapia","tag-fisioterapia-para-dor-cronica","tag-lesoes","tag-medial-labor","tag-vila-sabrina"],"aioseo_notices":[],"_links":{"self":[{"href":"https:\/\/mediallabor.com.br\/blog\/wp-json\/wp\/v2\/posts\/574","targetHints":{"allow":["GET"]}}],"collection":[{"href":"https:\/\/mediallabor.com.br\/blog\/wp-json\/wp\/v2\/posts"}],"about":[{"href":"https:\/\/mediallabor.com.br\/blog\/wp-json\/wp\/v2\/types\/post"}],"author":[{"embeddable":true,"href":"https:\/\/mediallabor.com.br\/blog\/wp-json\/wp\/v2\/users\/1"}],"replies":[{"embeddable":true,"href":"https:\/\/mediallabor.com.br\/blog\/wp-json\/wp\/v2\/comments?post=574"}],"version-history":[{"count":1,"href":"https:\/\/mediallabor.com.br\/blog\/wp-json\/wp\/v2\/posts\/574\/revisions"}],"predecessor-version":[{"id":576,"href":"https:\/\/mediallabor.com.br\/blog\/wp-json\/wp\/v2\/posts\/574\/revisions\/576"}],"wp:featuredmedia":[{"embeddable":true,"href":"https:\/\/mediallabor.com.br\/blog\/wp-json\/wp\/v2\/media\/572"}],"wp:attachment":[{"href":"https:\/\/mediallabor.com.br\/blog\/wp-json\/wp\/v2\/media?parent=574"}],"wp:term":[{"taxonomy":"category","embeddable":true,"href":"https:\/\/mediallabor.com.br\/blog\/wp-json\/wp\/v2\/categories?post=574"},{"taxonomy":"post_tag","embeddable":true,"href":"https:\/\/mediallabor.com.br\/blog\/wp-json\/wp\/v2\/tags?post=574"}],"curies":[{"name":"wp","href":"https:\/\/api.w.org\/{rel}","templated":true}]}}