{"id":578,"date":"2025-08-08T12:47:36","date_gmt":"2025-08-08T12:47:36","guid":{"rendered":"https:\/\/mediallabor.com.br\/blog\/?p=578"},"modified":"2025-08-08T12:50:59","modified_gmt":"2025-08-08T12:50:59","slug":"agosto-dourado","status":"publish","type":"post","link":"https:\/\/mediallabor.com.br\/blog\/agosto-dourado\/","title":{"rendered":"Agosto Dourado: Benef\u00edcios do Aleitamento Materno para M\u00e3e e Beb\u00ea"},"content":{"rendered":"\n<h2 class=\"wp-block-heading\" style=\"font-size:20px\"><strong><mark style=\"background-color:rgba(0, 0, 0, 0);color:#7a4488\" class=\"has-inline-color\"><strong><strong><strong><strong><strong><strong>O que \u00e9 o Agosto Dourado?<\/strong><\/strong><\/strong><\/strong><\/strong><\/strong><\/mark><\/strong><\/h2>\n\n\n\n<p>O <strong>Agosto Dourado<\/strong> simboliza a luta pelo incentivo \u00e0 amamenta\u00e7\u00e3o e marca um m\u00eas inteiro de conscientiza\u00e7\u00e3o sobre a import\u00e2ncia do aleitamento materno. A cor dourada representa o \u201cpadr\u00e3o ouro\u201d de qualidade do leite materno, refor\u00e7ando que <strong>amamentar \u00e9 um ato de amor, sa\u00fade e prote\u00e7\u00e3o<\/strong>.<\/p>\n\n\n\n<h2 class=\"wp-block-heading\" style=\"font-size:20px\"><strong><mark style=\"background-color:rgba(0, 0, 0, 0);color:#7a4488\" class=\"has-inline-color\"><strong><strong><strong><strong>Por que o aleitamento materno \u00e9 t\u00e3o importante?<\/strong><\/strong><\/strong><\/strong><\/mark><\/strong><\/h2>\n\n\n\n<p>O leite materno \u00e9 completo: ele cont\u00e9m os nutrientes ideais, anticorpos naturais e se adapta \u00e0s necessidades do beb\u00ea a cada fase do desenvolvimento. A <strong>Organiza\u00e7\u00e3o Mundial da Sa\u00fade (OMS)<\/strong> recomenda que o aleitamento seja exclusivo at\u00e9 os 6 meses e complementar at\u00e9 os 2 anos ou mais.<\/p>\n\n\n\n<h2 class=\"wp-block-heading has-medium-font-size\"><strong><mark style=\"background-color:rgba(0, 0, 0, 0);color:#7a4488\" class=\"has-inline-color\"><strong><strong><strong><strong><strong><strong>Benef\u00edcios para o beb\u00ea<\/strong><\/strong><\/strong><\/strong><\/strong><\/strong><\/mark><\/strong><\/h2>\n\n\n\n<ul class=\"wp-block-list\">\n<li><strong>Maior prote\u00e7\u00e3o contra infec\u00e7\u00f5es<\/strong> (gripe, diarreia, otite, bronquiolite)<br><\/li>\n\n\n\n<li><strong>Redu\u00e7\u00e3o de risco de alergias<\/strong> e doen\u00e7as cr\u00f4nicas<br><\/li>\n\n\n\n<li>Desenvolvimento cognitivo e emocional mais equilibrado<br><\/li>\n\n\n\n<li>Fortalecimento do v\u00ednculo com a m\u00e3e<\/li>\n<\/ul>\n\n\n\n<h2 class=\"wp-block-heading has-medium-font-size\"><strong><mark style=\"background-color:rgba(0, 0, 0, 0);color:#7a4488\" class=\"has-inline-color\"><strong><strong><strong>Benef\u00edcios para a m\u00e3e<\/strong><\/strong><\/strong><\/mark><\/strong><\/h2>\n\n\n\n<ul class=\"wp-block-list\">\n<li>Ajuda na <strong>redu\u00e7\u00e3o do peso p\u00f3s-parto<\/strong><strong><br><\/strong><\/li>\n\n\n\n<li>Diminui o risco de <strong>c\u00e2ncer de mama e ov\u00e1rio<\/strong><strong><br><\/strong><\/li>\n\n\n\n<li>Reduz sangramentos p\u00f3s-parto e previne anemia<br><\/li>\n\n\n\n<li>Favorece o v\u00ednculo emocional com o beb\u00ea<\/li>\n<\/ul>\n\n\n\n<h2 class=\"wp-block-heading has-medium-font-size\"><strong><mark style=\"background-color:rgba(0, 0, 0, 0);color:#7a4488\" class=\"has-inline-color\"><strong><strong><strong><strong>E se a amamenta\u00e7\u00e3o estiver dif\u00edcil?<\/strong><\/strong><\/strong><\/strong><\/mark><\/strong><\/h2>\n\n\n\n<p>\u00c9 normal enfrentar desafios como dor, pega incorreta, mastite e d\u00favidas emocionais. Nesses momentos, \u00e9 essencial contar com o apoio de profissionais como <strong>ginecologistas, pediatras ou cl\u00ednicos gerais<\/strong>, que podem orientar sobre t\u00e9cnicas, posi\u00e7\u00e3o correta e alternativas seguras.<\/p>\n\n\n\n<h2 class=\"wp-block-heading has-medium-font-size\"><strong><mark style=\"background-color:rgba(0, 0, 0, 0);color:#7a4488\" class=\"has-inline-color\"><strong><strong><strong><strong><strong>Dica extra: procure ajuda sem vergonha<\/strong><\/strong><\/strong><\/strong><\/strong><\/mark><\/strong><\/h2>\n\n\n\n<p>Amamentar \u00e9 um aprendizado m\u00fatuo entre m\u00e3e e beb\u00ea. Ter rede de apoio e acompanhamento m\u00e9dico faz toda a diferen\u00e7a para transformar esse momento em algo leve e saud\u00e1vel.<\/p>\n\n\n\n<h2 class=\"wp-block-heading has-medium-font-size\"><strong><mark style=\"background-color:rgba(0, 0, 0, 0);color:#7a4488\" class=\"has-inline-color\"><strong><strong><strong><strong><strong><strong>Converse com ginecologista ou cl\u00ednico da Medial<\/strong><\/strong><\/strong><\/strong><\/strong><\/strong><\/mark><\/strong><\/h2>\n\n\n\n<p>Se voc\u00ea est\u00e1 gestante, em fase de amamenta\u00e7\u00e3o ou com d\u00favidas sobre o tema, fale com a nossa equipe. Conte com atendimento humanizado e profissionais experientes para te acompanhar nesse processo.<br><br><strong>Na Medial Labor somos uma clinica m\u00e9dica localizada na Vila Sabrina zona norte de S\u00e3o Paulo, podemos esclarecer algumas d\u00favidas sobre sua sa\u00fade e te indicar para um especialista de sa\u00fade mental ! <a data-type=\"link\" data-id=\"https:\/\/api.whatsapp.com\/send?phone=5511976734825&amp;text=Ol%C3%A1,%20preciso%20de%20informa%C3%A7%C3%B5es.\" href=\"https:\/\/api.whatsapp.com\/send?phone=5511976734825&amp;text=Ol%C3%A1,%20preciso%20de%20informa%C3%A7%C3%B5es.\">Clique aqui<\/a> para falar conosco no Whatsapp ou ligue para nossa cl\u00ednica no telefone <a href=\"tel:01129870210\">(11) 2987-0210<\/a>. Sua sa\u00fade merece esse cuidado.<\/strong><\/p>\n\n\n\n<p><\/p>\n","protected":false},"excerpt":{"rendered":"<p>O que \u00e9 o Agosto Dourado? O Agosto Dourado simboliza a luta pelo incentivo \u00e0 amamenta\u00e7\u00e3o e marca um m\u00eas inteiro de conscientiza\u00e7\u00e3o sobre a import\u00e2ncia do aleitamento materno. A cor dourada representa o \u201cpadr\u00e3o ouro\u201d de qualidade do leite materno, refor\u00e7ando que amamentar \u00e9 um ato de amor, sa\u00fade e prote\u00e7\u00e3o. Por que o aleitamento materno \u00e9 t\u00e3o importante? O leite materno \u00e9 completo: ele cont\u00e9m os nutrientes ideais, anticorpos naturais e se adapta \u00e0s necessidades do beb\u00ea a cada fase do desenvolvimento. A Organiza\u00e7\u00e3o Mundial da Sa\u00fade (OMS) recomenda que o aleitamento seja exclusivo at\u00e9 os 6 meses e complementar at\u00e9 os 2 anos ou mais. Benef\u00edcios para o beb\u00ea Benef\u00edcios para a m\u00e3e E se a amamenta\u00e7\u00e3o estiver dif\u00edcil? \u00c9 normal enfrentar desafios como dor, pega incorreta, mastite e d\u00favidas emocionais. Nesses momentos, \u00e9 essencial contar com o apoio de profissionais como ginecologistas, pediatras ou cl\u00ednicos gerais, que podem orientar sobre t\u00e9cnicas, posi\u00e7\u00e3o correta e alternativas seguras. Dica extra: procure ajuda sem vergonha Amamentar \u00e9 um aprendizado m\u00fatuo entre m\u00e3e e beb\u00ea. Ter rede de apoio e acompanhamento m\u00e9dico faz toda a diferen\u00e7a para transformar esse momento em algo leve e saud\u00e1vel. Converse com ginecologista ou cl\u00ednico da Medial Se voc\u00ea est\u00e1 gestante, em fase de amamenta\u00e7\u00e3o ou com d\u00favidas sobre o tema, fale com a nossa equipe. Conte com atendimento humanizado e profissionais experientes para te acompanhar nesse processo. Na Medial Labor somos uma clinica m\u00e9dica localizada na Vila Sabrina zona norte de S\u00e3o Paulo, podemos esclarecer algumas d\u00favidas sobre sua sa\u00fade e te indicar para um especialista de sa\u00fade mental ! Clique aqui para falar conosco no Whatsapp ou ligue para nossa cl\u00ednica no telefone (11) 2987-0210. Sua sa\u00fade merece esse cuidado.<\/p>\n","protected":false},"author":1,"featured_media":579,"comment_status":"open","ping_status":"open","sticky":false,"template":"","format":"standard","meta":{"om_disable_all_campaigns":false,"_monsterinsights_skip_tracking":false,"_monsterinsights_sitenote_active":false,"_monsterinsights_sitenote_note":"","_monsterinsights_sitenote_category":0,"_uf_show_specific_survey":0,"_uf_disable_surveys":false,"footnotes":""},"categories":[6,37,38,7],"tags":[41,39,40,35,34],"class_list":["post-578","post","type-post","status-publish","format-standard","has-post-thumbnail","hentry","category-exames","category-ginecologista","category-maternidade","category-saude","tag-agosto-dourado","tag-aleitamento-materno","tag-gestante","tag-medial-labor","tag-vila-sabrina"],"aioseo_notices":[],"_links":{"self":[{"href":"https:\/\/mediallabor.com.br\/blog\/wp-json\/wp\/v2\/posts\/578","targetHints":{"allow":["GET"]}}],"collection":[{"href":"https:\/\/mediallabor.com.br\/blog\/wp-json\/wp\/v2\/posts"}],"about":[{"href":"https:\/\/mediallabor.com.br\/blog\/wp-json\/wp\/v2\/types\/post"}],"author":[{"embeddable":true,"href":"https:\/\/mediallabor.com.br\/blog\/wp-json\/wp\/v2\/users\/1"}],"replies":[{"embeddable":true,"href":"https:\/\/mediallabor.com.br\/blog\/wp-json\/wp\/v2\/comments?post=578"}],"version-history":[{"count":1,"href":"https:\/\/mediallabor.com.br\/blog\/wp-json\/wp\/v2\/posts\/578\/revisions"}],"predecessor-version":[{"id":580,"href":"https:\/\/mediallabor.com.br\/blog\/wp-json\/wp\/v2\/posts\/578\/revisions\/580"}],"wp:featuredmedia":[{"embeddable":true,"href":"https:\/\/mediallabor.com.br\/blog\/wp-json\/wp\/v2\/media\/579"}],"wp:attachment":[{"href":"https:\/\/mediallabor.com.br\/blog\/wp-json\/wp\/v2\/media?parent=578"}],"wp:term":[{"taxonomy":"category","embeddable":true,"href":"https:\/\/mediallabor.com.br\/blog\/wp-json\/wp\/v2\/categories?post=578"},{"taxonomy":"post_tag","embeddable":true,"href":"https:\/\/mediallabor.com.br\/blog\/wp-json\/wp\/v2\/tags?post=578"}],"curies":[{"name":"wp","href":"https:\/\/api.w.org\/{rel}","templated":true}]}}