{"id":581,"date":"2025-08-08T13:03:44","date_gmt":"2025-08-08T13:03:44","guid":{"rendered":"https:\/\/mediallabor.com.br\/blog\/?p=581"},"modified":"2025-08-08T13:03:44","modified_gmt":"2025-08-08T13:03:44","slug":"como-a-psicologia-transformar-rotina-saude-mental","status":"publish","type":"post","link":"https:\/\/mediallabor.com.br\/blog\/como-a-psicologia-transformar-rotina-saude-mental\/","title":{"rendered":"Como a Psicologia Pode Transformar Sua Rotina e Sa\u00fade Mental"},"content":{"rendered":"\n<h2 class=\"wp-block-heading\" style=\"font-size:20px\"><strong><mark style=\"background-color:rgba(0, 0, 0, 0);color:#7a4488\" class=\"has-inline-color\"><strong><strong><strong><strong><strong><strong><strong>Por que sa\u00fade mental tamb\u00e9m \u00e9 sa\u00fade?<\/strong><\/strong><\/strong><\/strong><\/strong><\/strong><\/strong><\/mark><\/strong><\/h2>\n\n\n\n<p>Cuidar da <strong>sa\u00fade mental<\/strong> \u00e9 t\u00e3o importante quanto manter os exames em dia. Ansiedade, estresse, ins\u00f4nia e sensa\u00e7\u00e3o de sobrecarga fazem parte da rotina de muitos brasileiros e quando ignorados, podem afetar rela\u00e7\u00f5es, desempenho no trabalho e at\u00e9 a sa\u00fade f\u00edsica. A <strong>psicologia<\/strong> \u00e9 a ci\u00eancia que ajuda a compreender pensamentos, emo\u00e7\u00f5es e comportamentos, oferecendo suporte pr\u00e1tico para uma vida mais equilibrada.<\/p>\n\n\n\n<h2 class=\"wp-block-heading\" style=\"font-size:20px\"><strong><mark style=\"background-color:rgba(0, 0, 0, 0);color:#7a4488\" class=\"has-inline-color\"><strong><strong><strong><strong><strong>Como os problemas emocionais impactam seu corpo?<\/strong><\/strong><\/strong><\/strong><\/strong><\/mark><\/strong><\/h2>\n\n\n\n<p>Voc\u00ea j\u00e1 sentiu dor de cabe\u00e7a, falta de ar ou ins\u00f4nia durante per\u00edodos de estresse? Isso acontece porque o corpo reage ao que sentimos. Sintomas f\u00edsicos comuns de problemas emocionais incluem:<\/p>\n\n\n\n<ul class=\"wp-block-list\">\n<li>Tens\u00e3o muscular e dores cr\u00f4nicas<\/li>\n\n\n\n<li>Dificuldade para dormir ou acordar<\/li>\n\n\n\n<li>Queda de imunidade<\/li>\n\n\n\n<li>Altera\u00e7\u00f5es de apetite e digest\u00e3o<\/li>\n\n\n\n<li>Cansa\u00e7o excessivo e falta de motiva\u00e7\u00e3o<\/li>\n<\/ul>\n\n\n\n<h2 class=\"wp-block-heading has-medium-font-size\"><strong><mark style=\"background-color:rgba(0, 0, 0, 0);color:#7a4488\" class=\"has-inline-color\"><strong><strong><strong><strong><strong><strong><strong>Como a psicologia ajuda no dia a dia?<\/strong><\/strong><\/strong><\/strong><\/strong><\/strong><\/strong><\/mark><\/strong><\/h2>\n\n\n\n<p>A psicoterapia pode te ajudar a:<\/p>\n\n\n\n<ul class=\"wp-block-list\">\n<li>Desenvolver <strong>autoconhecimento e intelig\u00eancia emocional<\/strong><\/li>\n\n\n\n<li>Lidar com <strong>traumas, perdas e mudan\u00e7as<\/strong><\/li>\n\n\n\n<li>Melhorar a comunica\u00e7\u00e3o e relacionamentos<\/li>\n\n\n\n<li>Controlar sintomas de <strong>ansiedade, depress\u00e3o e estresse<\/strong><\/li>\n\n\n\n<li>Criar uma rotina mais leve, consciente e produtiva<\/li>\n<\/ul>\n\n\n\n<p class=\"has-medium-font-size\"><strong><mark style=\"background-color:rgba(0, 0, 0, 0);color:#1d657e\" class=\"has-inline-color\">Importante: voc\u00ea n\u00e3o precisa estar &#8220;em crise&#8221; para procurar um psic\u00f3logo. Prevenir \u00e9 cuidar de si com responsabilidade.<\/mark><\/strong><\/p>\n\n\n\n<h2 class=\"wp-block-heading has-medium-font-size\"><strong><mark style=\"background-color:rgba(0, 0, 0, 0);color:#7a4488\" class=\"has-inline-color\"><strong><strong><strong><strong>Para quem \u00e9 a psicoterapia?<\/strong><\/strong><\/strong><\/strong><\/mark><\/strong><\/h2>\n\n\n\n<p>Todo mundo pode se beneficiar da psicologia. Mas ela \u00e9 especialmente indicada para:<\/p>\n\n\n\n<ul class=\"wp-block-list\">\n<li>Jovens enfrentando decis\u00f5es e autoconhecimento<\/li>\n\n\n\n<li>Adultos em rotinas estressantes e sobrecarga emocional<\/li>\n\n\n\n<li>Idosos lidando com perdas e solid\u00e3o<\/li>\n\n\n\n<li>Cuidadores e profissionais de sa\u00fade<\/li>\n\n\n\n<li>Fam\u00edlias com dificuldades de conviv\u00eancia<\/li>\n<\/ul>\n\n\n\n<h2 class=\"wp-block-heading has-medium-font-size\"><strong><mark style=\"background-color:rgba(0, 0, 0, 0);color:#7a4488\" class=\"has-inline-color\"><strong><strong><strong><strong><strong><strong><strong>Psicologia na Medial Labor<\/strong><\/strong><\/strong><\/strong><\/strong><\/strong><\/strong><\/mark><\/strong><\/h2>\n\n\n\n<p>Na Medial, temos <strong>psic\u00f3logos experientes, emp\u00e1ticos e atualizados<\/strong>, prontos para te acompanhar com sigilo, acolhimento e respeito. Seu cuidado come\u00e7a por dentro. <strong>Marque uma consulta com nosso time<br><\/strong>Clique aqui ou fale conosco pelo WhatsApp. D\u00ea o primeiro passo para uma rotina mais equilibrada e saud\u00e1vel.<br><br><strong>Na Medial Labor somos uma clinica m\u00e9dica localizada na Vila Sabrina zona norte de S\u00e3o Paulo, podemos esclarecer algumas d\u00favidas sobre sua sa\u00fade e te indicar para um especialista de sa\u00fade mental ! <a data-type=\"link\" data-id=\"https:\/\/api.whatsapp.com\/send?phone=5511976734825&amp;text=Ol%C3%A1,%20preciso%20de%20informa%C3%A7%C3%B5es.\" href=\"https:\/\/api.whatsapp.com\/send?phone=5511976734825&amp;text=Ol%C3%A1,%20preciso%20de%20informa%C3%A7%C3%B5es.\">Clique aqui<\/a> para falar conosco no Whatsapp ou ligue para nossa cl\u00ednica no telefone <a href=\"tel:01129870210\">(11) 2987-0210<\/a>. Sua sa\u00fade merece esse cuidado.<\/strong><\/p>\n\n\n\n<p><\/p>\n","protected":false},"excerpt":{"rendered":"<p>Por que sa\u00fade mental tamb\u00e9m \u00e9 sa\u00fade? Cuidar da sa\u00fade mental \u00e9 t\u00e3o importante quanto manter os exames em dia. Ansiedade, estresse, ins\u00f4nia e sensa\u00e7\u00e3o de sobrecarga fazem parte da rotina de muitos brasileiros e quando ignorados, podem afetar rela\u00e7\u00f5es, desempenho no trabalho e at\u00e9 a sa\u00fade f\u00edsica. A psicologia \u00e9 a ci\u00eancia que ajuda a compreender pensamentos, emo\u00e7\u00f5es e comportamentos, oferecendo suporte pr\u00e1tico para uma vida mais equilibrada. Como os problemas emocionais impactam seu corpo? Voc\u00ea j\u00e1 sentiu dor de cabe\u00e7a, falta de ar ou ins\u00f4nia durante per\u00edodos de estresse? Isso acontece porque o corpo reage ao que sentimos. Sintomas f\u00edsicos comuns de problemas emocionais incluem: Como a psicologia ajuda no dia a dia? A psicoterapia pode te ajudar a: Importante: voc\u00ea n\u00e3o precisa estar &#8220;em crise&#8221; para procurar um psic\u00f3logo. Prevenir \u00e9 cuidar de si com responsabilidade. Para quem \u00e9 a psicoterapia? Todo mundo pode se beneficiar da psicologia. Mas ela \u00e9 especialmente indicada para: Psicologia na Medial Labor Na Medial, temos psic\u00f3logos experientes, emp\u00e1ticos e atualizados, prontos para te acompanhar com sigilo, acolhimento e respeito. Seu cuidado come\u00e7a por dentro. Marque uma consulta com nosso timeClique aqui ou fale conosco pelo WhatsApp. D\u00ea o primeiro passo para uma rotina mais equilibrada e saud\u00e1vel. Na Medial Labor somos uma clinica m\u00e9dica localizada na Vila Sabrina zona norte de S\u00e3o Paulo, podemos esclarecer algumas d\u00favidas sobre sua sa\u00fade e te indicar para um especialista de sa\u00fade mental ! Clique aqui para falar conosco no Whatsapp ou ligue para nossa cl\u00ednica no telefone (11) 2987-0210. Sua sa\u00fade merece esse cuidado.<\/p>\n","protected":false},"author":1,"featured_media":583,"comment_status":"open","ping_status":"open","sticky":false,"template":"","format":"standard","meta":{"om_disable_all_campaigns":false,"_monsterinsights_skip_tracking":false,"_monsterinsights_sitenote_active":false,"_monsterinsights_sitenote_note":"","_monsterinsights_sitenote_category":0,"_uf_show_specific_survey":0,"_uf_disable_surveys":false,"footnotes":""},"categories":[42,22],"tags":[35,43,44,34],"class_list":["post-581","post","type-post","status-publish","format-standard","has-post-thumbnail","hentry","category-psicologia","category-saude-mental","tag-medial-labor","tag-psicologia","tag-saude-mental","tag-vila-sabrina"],"aioseo_notices":[],"_links":{"self":[{"href":"https:\/\/mediallabor.com.br\/blog\/wp-json\/wp\/v2\/posts\/581","targetHints":{"allow":["GET"]}}],"collection":[{"href":"https:\/\/mediallabor.com.br\/blog\/wp-json\/wp\/v2\/posts"}],"about":[{"href":"https:\/\/mediallabor.com.br\/blog\/wp-json\/wp\/v2\/types\/post"}],"author":[{"embeddable":true,"href":"https:\/\/mediallabor.com.br\/blog\/wp-json\/wp\/v2\/users\/1"}],"replies":[{"embeddable":true,"href":"https:\/\/mediallabor.com.br\/blog\/wp-json\/wp\/v2\/comments?post=581"}],"version-history":[{"count":1,"href":"https:\/\/mediallabor.com.br\/blog\/wp-json\/wp\/v2\/posts\/581\/revisions"}],"predecessor-version":[{"id":584,"href":"https:\/\/mediallabor.com.br\/blog\/wp-json\/wp\/v2\/posts\/581\/revisions\/584"}],"wp:featuredmedia":[{"embeddable":true,"href":"https:\/\/mediallabor.com.br\/blog\/wp-json\/wp\/v2\/media\/583"}],"wp:attachment":[{"href":"https:\/\/mediallabor.com.br\/blog\/wp-json\/wp\/v2\/media?parent=581"}],"wp:term":[{"taxonomy":"category","embeddable":true,"href":"https:\/\/mediallabor.com.br\/blog\/wp-json\/wp\/v2\/categories?post=581"},{"taxonomy":"post_tag","embeddable":true,"href":"https:\/\/mediallabor.com.br\/blog\/wp-json\/wp\/v2\/tags?post=581"}],"curies":[{"name":"wp","href":"https:\/\/api.w.org\/{rel}","templated":true}]}}