{"id":586,"date":"2025-09-12T13:37:07","date_gmt":"2025-09-12T13:37:07","guid":{"rendered":"https:\/\/mediallabor.com.br\/blog\/?p=586"},"modified":"2025-09-12T13:37:07","modified_gmt":"2025-09-12T13:37:07","slug":"setembro-amarelo-a-importancia-da-prevencao-ao-suicidio","status":"publish","type":"post","link":"https:\/\/mediallabor.com.br\/blog\/setembro-amarelo-a-importancia-da-prevencao-ao-suicidio\/","title":{"rendered":"Setembro Amarelo: a import\u00e2ncia da preven\u00e7\u00e3o ao suic\u00eddio"},"content":{"rendered":"\n<p>O m\u00eas de setembro \u00e9 marcado por uma das campanhas de sa\u00fade mais importantes do Brasil: o <strong>Setembro Amarelo<\/strong>, dedicado \u00e0 conscientiza\u00e7\u00e3o sobre a preven\u00e7\u00e3o do suic\u00eddio. Falar sobre sa\u00fade mental ainda \u00e9 um tabu, mas \u00e9 essencial abrir esse di\u00e1logo para salvar vidas.<\/p>\n\n\n\n<h2 class=\"wp-block-heading\" style=\"font-size:20px\"><strong><mark style=\"background-color:rgba(0, 0, 0, 0);color:#7a4488\" class=\"has-inline-color\"><strong><strong><strong><strong><strong><strong>O que \u00e9 o Setembro Amarelo?<\/strong><\/strong><\/strong><\/strong><\/strong><\/strong><\/mark><\/strong><\/h2>\n\n\n\n<p>A campanha foi criada em 2015 pela Associa\u00e7\u00e3o Brasileira de Psiquiatria (ABP) em parceria com o Conselho Federal de Medicina (CFM). Seu objetivo \u00e9 alertar a popula\u00e7\u00e3o sobre a import\u00e2ncia de cuidar da sa\u00fade mental e oferecer apoio a quem enfrenta momentos dif\u00edceis.<\/p>\n\n\n\n<h2 class=\"wp-block-heading has-medium-font-size\"><strong><mark style=\"background-color:rgba(0, 0, 0, 0);color:#7a4488\" class=\"has-inline-color\"><strong><strong><strong><strong><strong><strong><strong><strong>Por que o Setembro Amarelo \u00e9 t\u00e3o importante?<\/strong><\/strong><\/strong><\/strong><\/strong><\/strong><\/strong><\/strong><\/mark><\/strong><\/h2>\n\n\n\n<ul class=\"wp-block-list\">\n<li>O suic\u00eddio \u00e9 considerado um problema de sa\u00fade p\u00fablica.<br><\/li>\n\n\n\n<li>De acordo com a Organiza\u00e7\u00e3o Mundial da Sa\u00fade (OMS), a cada 40 segundos uma pessoa tira a pr\u00f3pria vida no mundo.<br><\/li>\n\n\n\n<li>Muitos casos poderiam ser prevenidos com di\u00e1logo, acolhimento e tratamento adequado.<\/li>\n<\/ul>\n\n\n\n<p class=\"has-medium-font-size\"><strong><mark style=\"background-color:rgba(0, 0, 0, 0);color:#7a4488\" class=\"has-inline-color\"><strong><strong><strong><strong><strong>Como identificar sinais de alerta<\/strong><\/strong><\/strong><\/strong><\/strong><\/mark><\/strong><\/p>\n\n\n\n<p>Alguns sinais podem indicar que algu\u00e9m precisa de ajuda:<\/p>\n\n\n\n<ul class=\"wp-block-list\">\n<li>Isolamento social repentino;<br><\/li>\n\n\n\n<li>Mudan\u00e7as bruscas de comportamento;<br><\/li>\n\n\n\n<li>Coment\u00e1rios sobre morte ou falta de esperan\u00e7a;<br><\/li>\n\n\n\n<li>Abandono de atividades que antes traziam prazer.<\/li>\n<\/ul>\n\n\n\n<p class=\"has-medium-font-size\"><strong><mark style=\"background-color:rgba(0, 0, 0, 0);color:#7a4488\" class=\"has-inline-color\"><strong><strong><strong><strong><strong><strong>Como ajudar algu\u00e9m em sofrimento<\/strong><\/strong><\/strong><\/strong><\/strong><\/strong><\/mark><\/strong><\/p>\n\n\n\n<ul class=\"wp-block-list\">\n<li>Escute sem julgamentos;<br><\/li>\n\n\n\n<li>Mostre empatia e ofere\u00e7a apoio;<br><\/li>\n\n\n\n<li>Incentive a busca por profissionais de sa\u00fade mental;<br><\/li>\n\n\n\n<li>Divulgue canais de apoio como o <strong>CVV (188)<\/strong>, dispon\u00edvel 24h por dia.<\/li>\n<\/ul>\n\n\n\n<h2 class=\"wp-block-heading has-medium-font-size\"><strong><mark style=\"background-color:rgba(0, 0, 0, 0);color:#7a4488\" class=\"has-inline-color\"><strong><strong><strong><strong><strong><strong><strong>Psicologia na Medial Labor<\/strong><\/strong><\/strong><\/strong><\/strong><\/strong><\/strong><\/mark><\/strong><\/h2>\n\n\n\n<p>O <strong>Setembro Amarelo<\/strong> \u00e9 um convite para falarmos sobre o que realmente importa: a vida. Cuidar da sa\u00fade mental \u00e9 fundamental para viver com qualidade. <strong>Se voc\u00ea ou algu\u00e9m pr\u00f3ximo est\u00e1 passando por dificuldades, n\u00e3o hesite em buscar ajuda.<\/strong><\/p>\n\n\n\n<p>Na Medial, temos <strong>psic\u00f3logos experientes, emp\u00e1ticos e atualizados<\/strong>, prontos para te acompanhar com sigilo, acolhimento e respeito. Seu cuidado come\u00e7a por dentro. <strong>Marque uma consulta com nosso time<\/strong>. Veja nossas especialidades <strong><a href=\"https:\/\/www.mediallabor.com.br\/index.html\" title=\"\">clique aqui<\/a>.<\/strong><br><br><strong>Na Medial Labor somos uma clinica m\u00e9dica localizada na Vila Sabrina zona norte de S\u00e3o Paulo, podemos esclarecer algumas d\u00favidas sobre sua sa\u00fade e te indicar para um especialista de sa\u00fade mental ! <a data-type=\"link\" data-id=\"https:\/\/api.whatsapp.com\/send?phone=5511976734825&amp;text=Ol%C3%A1,%20preciso%20de%20informa%C3%A7%C3%B5es.\" href=\"https:\/\/api.whatsapp.com\/send?phone=5511976734825&amp;text=Ol%C3%A1,%20preciso%20de%20informa%C3%A7%C3%B5es.\">Clique aqui<\/a> para falar conosco no Whatsapp ou ligue para nossa cl\u00ednica no telefone <a href=\"tel:01129870210\">(11) 2987-0210<\/a>. Sua sa\u00fade merece esse cuidado.<\/strong><\/p>\n\n\n\n<p><\/p>\n","protected":false},"excerpt":{"rendered":"<p>O m\u00eas de setembro \u00e9 marcado por uma das campanhas de sa\u00fade mais importantes do Brasil: o Setembro Amarelo, dedicado \u00e0 conscientiza\u00e7\u00e3o sobre a preven\u00e7\u00e3o do suic\u00eddio. Falar sobre sa\u00fade mental ainda \u00e9 um tabu, mas \u00e9 essencial abrir esse di\u00e1logo para salvar vidas. O que \u00e9 o Setembro Amarelo? A campanha foi criada em 2015 pela Associa\u00e7\u00e3o Brasileira de Psiquiatria (ABP) em parceria com o Conselho Federal de Medicina (CFM). Seu objetivo \u00e9 alertar a popula\u00e7\u00e3o sobre a import\u00e2ncia de cuidar da sa\u00fade mental e oferecer apoio a quem enfrenta momentos dif\u00edceis. Por que o Setembro Amarelo \u00e9 t\u00e3o importante? Como identificar sinais de alerta Alguns sinais podem indicar que algu\u00e9m precisa de ajuda: Como ajudar algu\u00e9m em sofrimento Psicologia na Medial Labor O Setembro Amarelo \u00e9 um convite para falarmos sobre o que realmente importa: a vida. Cuidar da sa\u00fade mental \u00e9 fundamental para viver com qualidade. Se voc\u00ea ou algu\u00e9m pr\u00f3ximo est\u00e1 passando por dificuldades, n\u00e3o hesite em buscar ajuda. Na Medial, temos psic\u00f3logos experientes, emp\u00e1ticos e atualizados, prontos para te acompanhar com sigilo, acolhimento e respeito. Seu cuidado come\u00e7a por dentro. Marque uma consulta com nosso time. Veja nossas especialidades clique aqui. Na Medial Labor somos uma clinica m\u00e9dica localizada na Vila Sabrina zona norte de S\u00e3o Paulo, podemos esclarecer algumas d\u00favidas sobre sua sa\u00fade e te indicar para um especialista de sa\u00fade mental ! Clique aqui para falar conosco no Whatsapp ou ligue para nossa cl\u00ednica no telefone (11) 2987-0210. Sua sa\u00fade merece esse cuidado.<\/p>\n","protected":false},"author":1,"featured_media":588,"comment_status":"open","ping_status":"open","sticky":false,"template":"","format":"standard","meta":{"om_disable_all_campaigns":false,"_monsterinsights_skip_tracking":false,"_monsterinsights_sitenote_active":false,"_monsterinsights_sitenote_note":"","_monsterinsights_sitenote_category":0,"_uf_show_specific_survey":0,"_uf_disable_surveys":false,"footnotes":""},"categories":[42,22,45],"tags":[35,43,44,34],"class_list":["post-586","post","type-post","status-publish","format-standard","has-post-thumbnail","hentry","category-psicologia","category-saude-mental","category-setembro-amarelo","tag-medial-labor","tag-psicologia","tag-saude-mental","tag-vila-sabrina"],"aioseo_notices":[],"_links":{"self":[{"href":"https:\/\/mediallabor.com.br\/blog\/wp-json\/wp\/v2\/posts\/586","targetHints":{"allow":["GET"]}}],"collection":[{"href":"https:\/\/mediallabor.com.br\/blog\/wp-json\/wp\/v2\/posts"}],"about":[{"href":"https:\/\/mediallabor.com.br\/blog\/wp-json\/wp\/v2\/types\/post"}],"author":[{"embeddable":true,"href":"https:\/\/mediallabor.com.br\/blog\/wp-json\/wp\/v2\/users\/1"}],"replies":[{"embeddable":true,"href":"https:\/\/mediallabor.com.br\/blog\/wp-json\/wp\/v2\/comments?post=586"}],"version-history":[{"count":1,"href":"https:\/\/mediallabor.com.br\/blog\/wp-json\/wp\/v2\/posts\/586\/revisions"}],"predecessor-version":[{"id":589,"href":"https:\/\/mediallabor.com.br\/blog\/wp-json\/wp\/v2\/posts\/586\/revisions\/589"}],"wp:featuredmedia":[{"embeddable":true,"href":"https:\/\/mediallabor.com.br\/blog\/wp-json\/wp\/v2\/media\/588"}],"wp:attachment":[{"href":"https:\/\/mediallabor.com.br\/blog\/wp-json\/wp\/v2\/media?parent=586"}],"wp:term":[{"taxonomy":"category","embeddable":true,"href":"https:\/\/mediallabor.com.br\/blog\/wp-json\/wp\/v2\/categories?post=586"},{"taxonomy":"post_tag","embeddable":true,"href":"https:\/\/mediallabor.com.br\/blog\/wp-json\/wp\/v2\/tags?post=586"}],"curies":[{"name":"wp","href":"https:\/\/api.w.org\/{rel}","templated":true}]}}