{"id":590,"date":"2025-09-12T13:47:05","date_gmt":"2025-09-12T13:47:05","guid":{"rendered":"https:\/\/mediallabor.com.br\/blog\/?p=590"},"modified":"2025-09-12T13:47:05","modified_gmt":"2025-09-12T13:47:05","slug":"setembro-dourado-juntos-na-luta-contra-o-cancer-infanto-juvenil","status":"publish","type":"post","link":"https:\/\/mediallabor.com.br\/blog\/setembro-dourado-juntos-na-luta-contra-o-cancer-infanto-juvenil\/","title":{"rendered":"Setembro Dourado: juntos na luta contra o c\u00e2ncer infanto-juvenil"},"content":{"rendered":"\n<p>Assim como o Setembro Amarelo, outro movimento ganha destaque neste m\u00eas: o <strong>Setembro Dourado<\/strong>, voltado \u00e0 conscientiza\u00e7\u00e3o e combate ao c\u00e2ncer infantojuvenil. A cor dourada simboliza o valor da vida de cada crian\u00e7a e adolescente.<\/p>\n\n\n\n<h2 class=\"wp-block-heading\" style=\"font-size:20px\"><strong><mark style=\"background-color:rgba(0, 0, 0, 0);color:#7a4488\" class=\"has-inline-color\"><strong><strong><strong><strong><strong><strong><strong>O que \u00e9 o Setembro Dourado?<\/strong><\/strong><\/strong><\/strong><\/strong><\/strong><\/strong><\/mark><\/strong><\/h2>\n\n\n\n<p>O Setembro Dourado \u00e9 uma campanha criada para alertar sobre a import\u00e2ncia do diagn\u00f3stico precoce e do acesso a tratamento adequado para crian\u00e7as e adolescentes com c\u00e2ncer. Quanto antes a doen\u00e7a for identificada, maiores s\u00e3o as chances de cura.<\/p>\n\n\n\n<p class=\"has-medium-font-size\"><strong><mark style=\"background-color:rgba(0, 0, 0, 0);color:#7a4488\" class=\"has-inline-color\"><strong><strong><strong><strong><strong><strong>A import\u00e2ncia do diagn\u00f3stico precoce<\/strong><\/strong><\/strong><\/strong><\/strong><\/strong><\/mark><\/strong><\/p>\n\n\n\n<p>Segundo o Instituto Nacional do C\u00e2ncer (INCA):<\/p>\n\n\n\n<ul class=\"wp-block-list\">\n<li>O c\u00e2ncer \u00e9 a <strong>primeira causa de morte por doen\u00e7a entre crian\u00e7as e adolescentes no Brasil<\/strong>;<br><\/li>\n\n\n\n<li>Quando diagnosticado precocemente, o tratamento tem taxas de cura de at\u00e9 <strong>80%<\/strong> em alguns tipos de c\u00e2ncer infantil.<\/li>\n<\/ul>\n\n\n\n<p class=\"has-medium-font-size\"><strong><mark style=\"background-color:rgba(0, 0, 0, 0);color:#7a4488\" class=\"has-inline-color\"><strong><strong><strong><strong><strong><strong><strong>Principais sinais e sintomas de alerta<\/strong><\/strong><\/strong><\/strong><\/strong><\/strong><\/strong><\/mark><\/strong><\/p>\n\n\n\n<ul class=\"wp-block-list\">\n<li>Palidez e cansa\u00e7o frequente;<br><\/li>\n\n\n\n<li>Febre persistente sem causa aparente;<br><\/li>\n\n\n\n<li>Aumento de g\u00e2nglios (\u00ednguas) no pesco\u00e7o, axilas ou virilha;<br><\/li>\n\n\n\n<li>Dores constantes de cabe\u00e7a, v\u00f4mitos ou altera\u00e7\u00f5es na vis\u00e3o;<br><\/li>\n\n\n\n<li>Dores nos ossos e aumento de volume abdominal.<\/li>\n<\/ul>\n\n\n\n<p class=\"has-medium-font-size\"><strong><mark style=\"background-color:rgba(0, 0, 0, 0);color:#7a4488\" class=\"has-inline-color\"><strong><strong><strong><strong><strong><strong><strong><strong>Como a sociedade pode contribuir<\/strong><\/strong><\/strong><\/strong><\/strong><\/strong><\/strong><\/strong><\/mark><\/strong><\/p>\n\n\n\n<ul class=\"wp-block-list\">\n<li>Divulgando informa\u00e7\u00f5es confi\u00e1veis;<br><\/li>\n\n\n\n<li>Incentivando consultas m\u00e9dicas regulares;<br><\/li>\n\n\n\n<li>Participando de campanhas de doa\u00e7\u00e3o de sangue e medula \u00f3ssea;<br><\/li>\n\n\n\n<li>Apoio a institui\u00e7\u00f5es que cuidam de crian\u00e7as em tratamento.<\/li>\n<\/ul>\n\n\n\n<p><strong>O Setembro Dourado nos lembra da import\u00e2ncia de estar atentos aos sinais e de apoiar fam\u00edlias que enfrentam essa batalha. Informar-se \u00e9 um ato de amor e solidariedade.<\/strong><br><br><strong>Na Medial Labor somos uma clinica m\u00e9dica localizada na Vila Sabrina zona norte de S\u00e3o Paulo, podemos esclarecer algumas d\u00favidas sobre sua sa\u00fade e te indicar para um especialista de sa\u00fade mental ! <a data-type=\"link\" data-id=\"https:\/\/api.whatsapp.com\/send?phone=5511976734825&amp;text=Ol%C3%A1,%20preciso%20de%20informa%C3%A7%C3%B5es.\" href=\"https:\/\/api.whatsapp.com\/send?phone=5511976734825&amp;text=Ol%C3%A1,%20preciso%20de%20informa%C3%A7%C3%B5es.\">Clique aqui<\/a> para falar conosco no Whatsapp ou ligue para nossa cl\u00ednica no telefone <a href=\"tel:01129870210\">(11) 2987-0210<\/a>. Sua sa\u00fade merece esse cuidado.<\/strong><\/p>\n\n\n\n<p><\/p>\n","protected":false},"excerpt":{"rendered":"<p>Assim como o Setembro Amarelo, outro movimento ganha destaque neste m\u00eas: o Setembro Dourado, voltado \u00e0 conscientiza\u00e7\u00e3o e combate ao c\u00e2ncer infantojuvenil. A cor dourada simboliza o valor da vida de cada crian\u00e7a e adolescente. O que \u00e9 o Setembro Dourado? O Setembro Dourado \u00e9 uma campanha criada para alertar sobre a import\u00e2ncia do diagn\u00f3stico precoce e do acesso a tratamento adequado para crian\u00e7as e adolescentes com c\u00e2ncer. Quanto antes a doen\u00e7a for identificada, maiores s\u00e3o as chances de cura. A import\u00e2ncia do diagn\u00f3stico precoce Segundo o Instituto Nacional do C\u00e2ncer (INCA): Principais sinais e sintomas de alerta Como a sociedade pode contribuir O Setembro Dourado nos lembra da import\u00e2ncia de estar atentos aos sinais e de apoiar fam\u00edlias que enfrentam essa batalha. Informar-se \u00e9 um ato de amor e solidariedade. Na Medial Labor somos uma clinica m\u00e9dica localizada na Vila Sabrina zona norte de S\u00e3o Paulo, podemos esclarecer algumas d\u00favidas sobre sua sa\u00fade e te indicar para um especialista de sa\u00fade mental ! Clique aqui para falar conosco no Whatsapp ou ligue para nossa cl\u00ednica no telefone (11) 2987-0210. Sua sa\u00fade merece esse cuidado.<\/p>\n","protected":false},"author":1,"featured_media":591,"comment_status":"open","ping_status":"open","sticky":false,"template":"","format":"standard","meta":{"om_disable_all_campaigns":false,"_monsterinsights_skip_tracking":false,"_monsterinsights_sitenote_active":false,"_monsterinsights_sitenote_note":"","_monsterinsights_sitenote_category":0,"_uf_show_specific_survey":0,"_uf_disable_surveys":false,"footnotes":""},"categories":[42,22,45],"tags":[35,43,44,34],"class_list":["post-590","post","type-post","status-publish","format-standard","has-post-thumbnail","hentry","category-psicologia","category-saude-mental","category-setembro-amarelo","tag-medial-labor","tag-psicologia","tag-saude-mental","tag-vila-sabrina"],"aioseo_notices":[],"_links":{"self":[{"href":"https:\/\/mediallabor.com.br\/blog\/wp-json\/wp\/v2\/posts\/590","targetHints":{"allow":["GET"]}}],"collection":[{"href":"https:\/\/mediallabor.com.br\/blog\/wp-json\/wp\/v2\/posts"}],"about":[{"href":"https:\/\/mediallabor.com.br\/blog\/wp-json\/wp\/v2\/types\/post"}],"author":[{"embeddable":true,"href":"https:\/\/mediallabor.com.br\/blog\/wp-json\/wp\/v2\/users\/1"}],"replies":[{"embeddable":true,"href":"https:\/\/mediallabor.com.br\/blog\/wp-json\/wp\/v2\/comments?post=590"}],"version-history":[{"count":1,"href":"https:\/\/mediallabor.com.br\/blog\/wp-json\/wp\/v2\/posts\/590\/revisions"}],"predecessor-version":[{"id":592,"href":"https:\/\/mediallabor.com.br\/blog\/wp-json\/wp\/v2\/posts\/590\/revisions\/592"}],"wp:featuredmedia":[{"embeddable":true,"href":"https:\/\/mediallabor.com.br\/blog\/wp-json\/wp\/v2\/media\/591"}],"wp:attachment":[{"href":"https:\/\/mediallabor.com.br\/blog\/wp-json\/wp\/v2\/media?parent=590"}],"wp:term":[{"taxonomy":"category","embeddable":true,"href":"https:\/\/mediallabor.com.br\/blog\/wp-json\/wp\/v2\/categories?post=590"},{"taxonomy":"post_tag","embeddable":true,"href":"https:\/\/mediallabor.com.br\/blog\/wp-json\/wp\/v2\/tags?post=590"}],"curies":[{"name":"wp","href":"https:\/\/api.w.org\/{rel}","templated":true}]}}