{"id":594,"date":"2025-10-17T18:34:02","date_gmt":"2025-10-17T18:34:02","guid":{"rendered":"https:\/\/mediallabor.com.br\/blog\/?p=594"},"modified":"2025-10-17T18:35:05","modified_gmt":"2025-10-17T18:35:05","slug":"outubro-rosa-saude-da-mulher","status":"publish","type":"post","link":"https:\/\/mediallabor.com.br\/blog\/outubro-rosa-saude-da-mulher\/","title":{"rendered":"Outubro Rosa: Foco na Sa\u00fade da Mulher Como um Todo"},"content":{"rendered":"\n<p>O Outubro Rosa \u00e9 um movimento internacional dedicado \u00e0 conscientiza\u00e7\u00e3o sobre o c\u00e2ncer de mama, com o objetivo de promover a preven\u00e7\u00e3o e o diagn\u00f3stico precoce. No entanto, \u00e9 essencial compreender que a sa\u00fade da mulher vai al\u00e9m da preven\u00e7\u00e3o do c\u00e2ncer de mama. Este m\u00eas \u00e9 uma oportunidade para refletirmos sobre o autocuidado e a import\u00e2ncia de uma abordagem hol\u00edstica da sa\u00fade feminina.<\/p>\n\n\n\n<h2 class=\"wp-block-heading\" style=\"font-size:20px\"><strong><mark style=\"background-color:rgba(0, 0, 0, 0);color:#7a4488\" class=\"has-inline-color\"><strong><strong><strong><strong><strong><strong><strong><strong>O que \u00e9 o Outubro Rosa?<\/strong><\/strong><\/strong><\/strong><\/strong><\/strong><\/strong><\/strong><\/mark><\/strong><\/h2>\n\n\n\n<p>O Outubro Rosa \u00e9 uma campanha anual que visa alertar as mulheres sobre a import\u00e2ncia do autoexame, da realiza\u00e7\u00e3o de mamografias e da consulta regular ao ginecologista. O movimento tamb\u00e9m busca desmistificar o c\u00e2ncer de mama, promovendo informa\u00e7\u00f5es precisas e apoio emocional \u00e0s mulheres afetadas pela doen\u00e7a.<\/p>\n\n\n\n<p class=\"has-medium-font-size\"><strong><mark style=\"background-color:rgba(0, 0, 0, 0);color:#7a4488\" class=\"has-inline-color\"><strong><strong><strong><strong><strong><strong><strong>C\u00e2ncer de Mama: Entendendo a Doen\u00e7a<\/strong><\/strong><\/strong><\/strong><\/strong><\/strong><\/strong><\/mark><\/strong><\/p>\n\n\n\n<p>O c\u00e2ncer de mama \u00e9 caracterizado pela multiplica\u00e7\u00e3o descontrolada de c\u00e9lulas anormais na mama, formando um tumor que pode ou n\u00e3o se espalhar para outras partes do corpo. Embora a doen\u00e7a seja mais comum em mulheres acima de 50 anos, \u00e9 fundamental que mulheres de todas as idades estejam atentas \u00e0s altera\u00e7\u00f5es em seus corpos e realizem exames preventivos regularmente.<\/p>\n\n\n\n<p class=\"has-medium-font-size\"><strong><mark style=\"background-color:rgba(0, 0, 0, 0);color:#7a4488\" class=\"has-inline-color\"><strong><strong><strong><strong><strong><strong><strong><strong>Preven\u00e7\u00e3o: H\u00e1bitos Saud\u00e1veis que Fazem a Diferen\u00e7a<\/strong><\/strong><\/strong><\/strong><\/strong><\/strong><\/strong><\/strong><\/mark><\/strong><\/p>\n\n\n\n<p>A preven\u00e7\u00e3o do c\u00e2ncer de mama envolve a ado\u00e7\u00e3o de h\u00e1bitos saud\u00e1veis que contribuem para a sa\u00fade geral da mulher. Entre as pr\u00e1ticas recomendadas est\u00e3o:<\/p>\n\n\n\n<ul class=\"wp-block-list\">\n<li><strong>Alimenta\u00e7\u00e3o balanceada<\/strong>: Incluir no card\u00e1pio di\u00e1rio frutas, legumes, verduras, cereais integrais e leguminosas, al\u00e9m de evitar alimentos ultraprocessados e ricos em gorduras saturadas.<br><\/li>\n\n\n\n<li><strong>Atividade f\u00edsica regular<\/strong>: A pr\u00e1tica de exerc\u00edcios f\u00edsicos ajuda a manter o peso corporal adequado e reduz o risco de diversas doen\u00e7as, incluindo o c\u00e2ncer de mama.<br><\/li>\n\n\n\n<li><strong>Evitar o consumo excessivo de \u00e1lcool<\/strong>: O consumo elevado de \u00e1lcool est\u00e1 associado a um aumento do risco de desenvolvimento de c\u00e2ncer de mama.<br><\/li>\n\n\n\n<li><strong>Amamenta\u00e7\u00e3o<\/strong>: A amamenta\u00e7\u00e3o tem sido associada a um menor risco de c\u00e2ncer de mama, al\u00e9m de trazer benef\u00edcios para a sa\u00fade do beb\u00ea.<br><\/li>\n\n\n\n<li><strong>Acompanhamento m\u00e9dico regular<\/strong>: Consultar-se periodicamente com profissionais de sa\u00fade para avalia\u00e7\u00f5es preventivas e orienta\u00e7\u00f5es personalizadas.<\/li>\n<\/ul>\n\n\n\n<p class=\"has-medium-font-size\"><strong><mark style=\"background-color:rgba(0, 0, 0, 0);color:#7a4488\" class=\"has-inline-color\"><strong><strong><strong><strong><strong><strong><strong><strong><strong>A Import\u00e2ncia do Autocuidado e da Sa\u00fade Mental<\/strong><\/strong><\/strong><\/strong><\/strong><\/strong><\/strong><\/strong><\/strong><\/mark><\/strong><\/p>\n\n\n\n<p>Al\u00e9m dos cuidados f\u00edsicos, \u00e9 fundamental que as mulheres tamb\u00e9m se atentem \u00e0 sua sa\u00fade mental e emocional. O autocuidado envolve pr\u00e1ticas que promovem o bem-estar psicol\u00f3gico, como:<\/p>\n\n\n\n<ul class=\"wp-block-list\">\n<li><strong>Gest\u00e3o do estresse<\/strong>: T\u00e9cnicas de relaxamento, medita\u00e7\u00e3o e mindfulness podem ajudar a reduzir os n\u00edveis de estresse e melhorar a qualidade de vida.<br><\/li>\n\n\n\n<li><strong>Apoio emocional<\/strong>: Compartilhar sentimentos com amigos, familiares ou profissionais de sa\u00fade mental \u00e9 essencial para enfrentar desafios e manter o equil\u00edbrio emocional.<br><\/li>\n\n\n\n<li><strong>Participa\u00e7\u00e3o em grupos de apoio<\/strong>: Engajar-se em grupos de apoio, como o &#8220;Empodera Mulheres&#8221;, pode proporcionar troca de experi\u00eancias e fortalecimento emocional.<\/li>\n<\/ul>\n\n\n\n<p>O Outubro Rosa \u00e9 uma oportunidade para refletirmos sobre a import\u00e2ncia de cuidar da sa\u00fade da mulher de forma integral. A preven\u00e7\u00e3o do c\u00e2ncer de mama \u00e9 fundamental, mas n\u00e3o devemos esquecer que o autocuidado, a alimenta\u00e7\u00e3o saud\u00e1vel, a pr\u00e1tica de atividades f\u00edsicas e o apoio emocional tamb\u00e9m desempenham pap\u00e9is cruciais na manuten\u00e7\u00e3o do bem-estar feminino.<br><br><strong>Agende sua consulta ginecol\u00f3gica ou exame preventivo na Medial e cuide da sua sa\u00fade.<\/strong><\/p>\n\n\n\n<p><strong>Na Medial Labor somos uma clinica m\u00e9dica localizada na Vila Sabrina zona norte de S\u00e3o Paulo, podemos esclarecer algumas d\u00favidas sobre sua sa\u00fade e te indicar para um especialista de sa\u00fade mental ! <a data-type=\"link\" data-id=\"https:\/\/api.whatsapp.com\/send?phone=5511976734825&amp;text=Ol%C3%A1,%20preciso%20de%20informa%C3%A7%C3%B5es.\" href=\"https:\/\/api.whatsapp.com\/send?phone=5511976734825&amp;text=Ol%C3%A1,%20preciso%20de%20informa%C3%A7%C3%B5es.\">Clique aqui<\/a> para falar conosco no Whatsapp ou ligue para nossa cl\u00ednica no telefone <a href=\"tel:01129870210\">(11) 2987-0210<\/a>. Sua sa\u00fade merece esse cuidado.<\/strong><\/p>\n\n\n\n<p><\/p>\n","protected":false},"excerpt":{"rendered":"<p>O Outubro Rosa \u00e9 um movimento internacional dedicado \u00e0 conscientiza\u00e7\u00e3o sobre o c\u00e2ncer de mama, com o objetivo de promover a preven\u00e7\u00e3o e o diagn\u00f3stico precoce. No entanto, \u00e9 essencial compreender que a sa\u00fade da mulher vai al\u00e9m da preven\u00e7\u00e3o do c\u00e2ncer de mama. Este m\u00eas \u00e9 uma oportunidade para refletirmos sobre o autocuidado e a import\u00e2ncia de uma abordagem hol\u00edstica da sa\u00fade feminina. O que \u00e9 o Outubro Rosa? O Outubro Rosa \u00e9 uma campanha anual que visa alertar as mulheres sobre a import\u00e2ncia do autoexame, da realiza\u00e7\u00e3o de mamografias e da consulta regular ao ginecologista. O movimento tamb\u00e9m busca desmistificar o c\u00e2ncer de mama, promovendo informa\u00e7\u00f5es precisas e apoio emocional \u00e0s mulheres afetadas pela doen\u00e7a. C\u00e2ncer de Mama: Entendendo a Doen\u00e7a O c\u00e2ncer de mama \u00e9 caracterizado pela multiplica\u00e7\u00e3o descontrolada de c\u00e9lulas anormais na mama, formando um tumor que pode ou n\u00e3o se espalhar para outras partes do corpo. Embora a doen\u00e7a seja mais comum em mulheres acima de 50 anos, \u00e9 fundamental que mulheres de todas as idades estejam atentas \u00e0s altera\u00e7\u00f5es em seus corpos e realizem exames preventivos regularmente. Preven\u00e7\u00e3o: H\u00e1bitos Saud\u00e1veis que Fazem a Diferen\u00e7a A preven\u00e7\u00e3o do c\u00e2ncer de mama envolve a ado\u00e7\u00e3o de h\u00e1bitos saud\u00e1veis que contribuem para a sa\u00fade geral da mulher. Entre as pr\u00e1ticas recomendadas est\u00e3o: A Import\u00e2ncia do Autocuidado e da Sa\u00fade Mental Al\u00e9m dos cuidados f\u00edsicos, \u00e9 fundamental que as mulheres tamb\u00e9m se atentem \u00e0 sua sa\u00fade mental e emocional. O autocuidado envolve pr\u00e1ticas que promovem o bem-estar psicol\u00f3gico, como: O Outubro Rosa \u00e9 uma oportunidade para refletirmos sobre a import\u00e2ncia de cuidar da sa\u00fade da mulher de forma integral. A preven\u00e7\u00e3o do c\u00e2ncer de mama \u00e9 fundamental, mas n\u00e3o devemos esquecer que o autocuidado, a alimenta\u00e7\u00e3o saud\u00e1vel, a pr\u00e1tica de atividades f\u00edsicas e o apoio emocional tamb\u00e9m desempenham pap\u00e9is cruciais na manuten\u00e7\u00e3o do bem-estar feminino. Agende sua consulta ginecol\u00f3gica ou exame preventivo na Medial e cuide da sua sa\u00fade. Na Medial Labor somos uma clinica m\u00e9dica localizada na Vila Sabrina zona norte de S\u00e3o Paulo, podemos esclarecer algumas d\u00favidas sobre sua sa\u00fade e te indicar para um especialista de sa\u00fade mental ! Clique aqui para falar conosco no Whatsapp ou ligue para nossa cl\u00ednica no telefone (11) 2987-0210. Sua sa\u00fade merece esse cuidado.<\/p>\n","protected":false},"author":1,"featured_media":595,"comment_status":"open","ping_status":"open","sticky":false,"template":"","format":"standard","meta":{"om_disable_all_campaigns":false,"_monsterinsights_skip_tracking":false,"_monsterinsights_sitenote_active":false,"_monsterinsights_sitenote_note":"","_monsterinsights_sitenote_category":0,"_uf_show_specific_survey":0,"_uf_disable_surveys":false,"footnotes":""},"categories":[37,46,7],"tags":[35,43,44,34],"class_list":["post-594","post","type-post","status-publish","format-standard","has-post-thumbnail","hentry","category-ginecologista","category-outubro-rosa","category-saude","tag-medial-labor","tag-psicologia","tag-saude-mental","tag-vila-sabrina"],"aioseo_notices":[],"_links":{"self":[{"href":"https:\/\/mediallabor.com.br\/blog\/wp-json\/wp\/v2\/posts\/594","targetHints":{"allow":["GET"]}}],"collection":[{"href":"https:\/\/mediallabor.com.br\/blog\/wp-json\/wp\/v2\/posts"}],"about":[{"href":"https:\/\/mediallabor.com.br\/blog\/wp-json\/wp\/v2\/types\/post"}],"author":[{"embeddable":true,"href":"https:\/\/mediallabor.com.br\/blog\/wp-json\/wp\/v2\/users\/1"}],"replies":[{"embeddable":true,"href":"https:\/\/mediallabor.com.br\/blog\/wp-json\/wp\/v2\/comments?post=594"}],"version-history":[{"count":1,"href":"https:\/\/mediallabor.com.br\/blog\/wp-json\/wp\/v2\/posts\/594\/revisions"}],"predecessor-version":[{"id":596,"href":"https:\/\/mediallabor.com.br\/blog\/wp-json\/wp\/v2\/posts\/594\/revisions\/596"}],"wp:featuredmedia":[{"embeddable":true,"href":"https:\/\/mediallabor.com.br\/blog\/wp-json\/wp\/v2\/media\/595"}],"wp:attachment":[{"href":"https:\/\/mediallabor.com.br\/blog\/wp-json\/wp\/v2\/media?parent=594"}],"wp:term":[{"taxonomy":"category","embeddable":true,"href":"https:\/\/mediallabor.com.br\/blog\/wp-json\/wp\/v2\/categories?post=594"},{"taxonomy":"post_tag","embeddable":true,"href":"https:\/\/mediallabor.com.br\/blog\/wp-json\/wp\/v2\/tags?post=594"}],"curies":[{"name":"wp","href":"https:\/\/api.w.org\/{rel}","templated":true}]}}