{"id":597,"date":"2025-10-17T18:44:45","date_gmt":"2025-10-17T18:44:45","guid":{"rendered":"https:\/\/mediallabor.com.br\/blog\/?p=597"},"modified":"2025-10-17T18:44:45","modified_gmt":"2025-10-17T18:44:45","slug":"avc-como-reconhecer-os-sinais-e-prevenir-complicacoes","status":"publish","type":"post","link":"https:\/\/mediallabor.com.br\/blog\/avc-como-reconhecer-os-sinais-e-prevenir-complicacoes\/","title":{"rendered":"AVC: Como Reconhecer os Sinais e Prevenir Complica\u00e7\u00f5es"},"content":{"rendered":"\n<p>O Acidente Vascular Cerebral (AVC) \u00e9 uma condi\u00e7\u00e3o m\u00e9dica grave que ocorre quando o fluxo sangu\u00edneo para uma parte do c\u00e9rebro \u00e9 interrompido ou reduzido, causando a morte de c\u00e9lulas cerebrais. \u00c9 uma das principais causas de morte e incapacidade no mundo, mas a detec\u00e7\u00e3o precoce e a preven\u00e7\u00e3o podem salvar vidas.<\/p>\n\n\n\n<h2 class=\"wp-block-heading\" style=\"font-size:20px\"><strong><mark style=\"background-color:rgba(0, 0, 0, 0);color:#7a4488\" class=\"has-inline-color\"><strong><strong><strong><strong><strong><strong><strong><strong><strong>Tipos de AVC<\/strong><\/strong><\/strong><\/strong><\/strong><\/strong><\/strong><\/strong><\/strong><\/mark><\/strong><\/h2>\n\n\n\n<p>Existem dois tipos principais de AVC:<\/p>\n\n\n\n<p><strong>AVC Hemorr\u00e1gico<\/strong>: Resulta do rompimento de um vaso sangu\u00edneo no c\u00e9rebro, levando ao ac\u00famulo de sangue e press\u00e3o intracraniana elevada.<\/p>\n\n\n\n<p><strong>AVC Isqu\u00eamico<\/strong>: Ocorre devido \u00e0 obstru\u00e7\u00e3o de uma art\u00e9ria cerebral, geralmente causada por co\u00e1gulos sangu\u00edneos. \u00c9 respons\u00e1vel por cerca de 85% dos casos.<br><\/p>\n\n\n\n<p class=\"has-medium-font-size\"><strong><mark style=\"background-color:rgba(0, 0, 0, 0);color:#7a4488\" class=\"has-inline-color\"><strong><strong><strong><strong><strong><strong><strong><strong>Fatores de Risco<\/strong><\/strong><\/strong><\/strong><\/strong><\/strong><\/strong><\/strong><\/mark><\/strong><\/p>\n\n\n\n<p>Alguns fatores aumentam significativamente o risco de AVC:<\/p>\n\n\n\n<ul class=\"wp-block-list\">\n<li>Hipertens\u00e3o arterial<\/li>\n\n\n\n<li>Diabetes<\/li>\n\n\n\n<li>Colesterol alto<\/li>\n\n\n\n<li>Sedentarismo<\/li>\n\n\n\n<li>Tabagismo e consumo excessivo de \u00e1lcool<\/li>\n\n\n\n<li>Hist\u00f3rico familiar de AVC<\/li>\n\n\n\n<li>Idade avan\u00e7ada<\/li>\n<\/ul>\n\n\n\n<p class=\"has-medium-font-size\"><strong><mark style=\"background-color:rgba(0, 0, 0, 0);color:#7a4488\" class=\"has-inline-color\"><strong><strong><strong><strong><strong><strong><strong><strong><strong>Sinais de Alerta: Reconhe\u00e7a o AVC<\/strong><\/strong><\/strong><\/strong><\/strong><\/strong><\/strong><\/strong><\/strong><\/mark><\/strong><\/p>\n\n\n\n<p>O reconhecimento r\u00e1pido dos sintomas \u00e9 essencial para reduzir danos permanentes. A regra <strong>\u201cV.S.M.\u201d (ou FAST, em ingl\u00eas)<\/strong> ajuda a identificar sinais de alerta:<\/p>\n\n\n\n<ul class=\"wp-block-list\">\n<li><strong>V \u2013 Vis\u00e3o e Face<\/strong>: Um lado do rosto pode ficar ca\u00eddo ou o sorriso pode ficar torto.<\/li>\n\n\n\n<li><strong>S \u2013 Sorriso e Sensibilidade<\/strong>: Fraqueza ou formigamento em um bra\u00e7o ou perna, dificuldade para levantar os bra\u00e7os.<\/li>\n\n\n\n<li><strong>M \u2013 Movimento e Fala<\/strong>: Dificuldade para falar, entender ou articular palavras, confus\u00e3o mental.<\/li>\n<\/ul>\n\n\n\n<p>Outros sinais incluem dor de cabe\u00e7a s\u00fabita e intensa, tontura, perda de equil\u00edbrio e dificuldade de coordena\u00e7\u00e3o motora.<\/p>\n\n\n\n<p class=\"has-medium-font-size\"><strong><mark style=\"background-color:rgba(0, 0, 0, 0);color:#7a4488\" class=\"has-inline-color\"><strong><strong><strong><strong><strong><strong><strong><strong><strong><strong>Preven\u00e7\u00e3o do AVC<\/strong><\/strong><\/strong><\/strong><\/strong><\/strong><\/strong><\/strong><\/strong><\/strong><\/mark><\/strong><\/p>\n\n\n\n<p>A preven\u00e7\u00e3o \u00e9 fundamental e envolve mudan\u00e7as no estilo de vida e acompanhamento m\u00e9dico regular:<\/p>\n\n\n\n<ul class=\"wp-block-list\">\n<li><strong>Controle da press\u00e3o arterial<\/strong>: A hipertens\u00e3o \u00e9 o principal fator de risco para AVC.<\/li>\n\n\n\n<li><strong>Alimenta\u00e7\u00e3o saud\u00e1vel<\/strong>: Reduzir sal, gorduras saturadas e alimentos ultraprocessados.<\/li>\n\n\n\n<li><strong>Atividade f\u00edsica regular<\/strong>: Exerc\u00edcios ajudam a manter o peso e melhorar a circula\u00e7\u00e3o.<\/li>\n\n\n\n<li><strong>Evitar tabaco e \u00e1lcool em excesso<\/strong>: Subst\u00e2ncias que aumentam o risco cardiovascular.<\/li>\n\n\n\n<li><strong>Exames m\u00e9dicos peri\u00f3dicos<\/strong>: Monitorar glicemia, colesterol e realizar avalia\u00e7\u00f5es m\u00e9dicas preventivas.<\/li>\n<\/ul>\n\n\n\n<p class=\"has-medium-font-size\"><strong><mark style=\"background-color:rgba(0, 0, 0, 0);color:#7a4488\" class=\"has-inline-color\"><strong><strong><strong><strong><strong><strong><strong><strong><strong><strong><strong>Import\u00e2ncia da A\u00e7\u00e3o R\u00e1pida<\/strong><\/strong><\/strong><\/strong><\/strong><\/strong><\/strong><\/strong><\/strong><\/strong><\/strong><\/mark><\/strong><\/p>\n\n\n\n<p>Se houver suspeita de AVC, \u00e9 crucial buscar ajuda m\u00e9dica imediatamente. O tratamento precoce em hospitais especializados pode minimizar sequelas e salvar vidas.<\/p>\n\n\n\n<p><strong>Agende sua consulta preventiva na Medial e cuide da sua sa\u00fade cardiovascular. Reconhecer os sinais a tempo faz toda a diferen\u00e7a!<\/strong><\/p>\n\n\n\n<p><strong>Na Medial Labor somos uma clinica m\u00e9dica localizada na Vila Sabrina zona norte de S\u00e3o Paulo, podemos esclarecer algumas d\u00favidas sobre sua sa\u00fade e te indicar para um especialista de sa\u00fade mental ! <a data-type=\"link\" data-id=\"https:\/\/api.whatsapp.com\/send?phone=5511976734825&amp;text=Ol%C3%A1,%20preciso%20de%20informa%C3%A7%C3%B5es.\" href=\"https:\/\/api.whatsapp.com\/send?phone=5511976734825&amp;text=Ol%C3%A1,%20preciso%20de%20informa%C3%A7%C3%B5es.\">Clique aqui<\/a> para falar conosco no Whatsapp ou ligue para nossa cl\u00ednica no telefone <a href=\"tel:01129870210\">(11) 2987-0210<\/a>. Sua sa\u00fade merece esse cuidado.<\/strong><\/p>\n\n\n\n<p><\/p>\n","protected":false},"excerpt":{"rendered":"<p>O Acidente Vascular Cerebral (AVC) \u00e9 uma condi\u00e7\u00e3o m\u00e9dica grave que ocorre quando o fluxo sangu\u00edneo para uma parte do c\u00e9rebro \u00e9 interrompido ou reduzido, causando a morte de c\u00e9lulas cerebrais. \u00c9 uma das principais causas de morte e incapacidade no mundo, mas a detec\u00e7\u00e3o precoce e a preven\u00e7\u00e3o podem salvar vidas. Tipos de AVC Existem dois tipos principais de AVC: AVC Hemorr\u00e1gico: Resulta do rompimento de um vaso sangu\u00edneo no c\u00e9rebro, levando ao ac\u00famulo de sangue e press\u00e3o intracraniana elevada. AVC Isqu\u00eamico: Ocorre devido \u00e0 obstru\u00e7\u00e3o de uma art\u00e9ria cerebral, geralmente causada por co\u00e1gulos sangu\u00edneos. \u00c9 respons\u00e1vel por cerca de 85% dos casos. Fatores de Risco Alguns fatores aumentam significativamente o risco de AVC: Sinais de Alerta: Reconhe\u00e7a o AVC O reconhecimento r\u00e1pido dos sintomas \u00e9 essencial para reduzir danos permanentes. A regra \u201cV.S.M.\u201d (ou FAST, em ingl\u00eas) ajuda a identificar sinais de alerta: Outros sinais incluem dor de cabe\u00e7a s\u00fabita e intensa, tontura, perda de equil\u00edbrio e dificuldade de coordena\u00e7\u00e3o motora. Preven\u00e7\u00e3o do AVC A preven\u00e7\u00e3o \u00e9 fundamental e envolve mudan\u00e7as no estilo de vida e acompanhamento m\u00e9dico regular: Import\u00e2ncia da A\u00e7\u00e3o R\u00e1pida Se houver suspeita de AVC, \u00e9 crucial buscar ajuda m\u00e9dica imediatamente. O tratamento precoce em hospitais especializados pode minimizar sequelas e salvar vidas. Agende sua consulta preventiva na Medial e cuide da sua sa\u00fade cardiovascular. Reconhecer os sinais a tempo faz toda a diferen\u00e7a! Na Medial Labor somos uma clinica m\u00e9dica localizada na Vila Sabrina zona norte de S\u00e3o Paulo, podemos esclarecer algumas d\u00favidas sobre sua sa\u00fade e te indicar para um especialista de sa\u00fade mental ! Clique aqui para falar conosco no Whatsapp ou ligue para nossa cl\u00ednica no telefone (11) 2987-0210. Sua sa\u00fade merece esse cuidado.<\/p>\n","protected":false},"author":1,"featured_media":598,"comment_status":"open","ping_status":"open","sticky":false,"template":"","format":"standard","meta":{"om_disable_all_campaigns":false,"_monsterinsights_skip_tracking":false,"_monsterinsights_sitenote_active":false,"_monsterinsights_sitenote_note":"","_monsterinsights_sitenote_category":0,"_uf_show_specific_survey":0,"_uf_disable_surveys":false,"footnotes":""},"categories":[47,6,7],"tags":[48,35,49,50,51],"class_list":["post-597","post","type-post","status-publish","format-standard","has-post-thumbnail","hentry","category-avc","category-exames","category-saude","tag-avc","tag-medial-labor","tag-prevencao-avc","tag-sinais-avc","tag-tratamento-avc"],"aioseo_notices":[],"_links":{"self":[{"href":"https:\/\/mediallabor.com.br\/blog\/wp-json\/wp\/v2\/posts\/597","targetHints":{"allow":["GET"]}}],"collection":[{"href":"https:\/\/mediallabor.com.br\/blog\/wp-json\/wp\/v2\/posts"}],"about":[{"href":"https:\/\/mediallabor.com.br\/blog\/wp-json\/wp\/v2\/types\/post"}],"author":[{"embeddable":true,"href":"https:\/\/mediallabor.com.br\/blog\/wp-json\/wp\/v2\/users\/1"}],"replies":[{"embeddable":true,"href":"https:\/\/mediallabor.com.br\/blog\/wp-json\/wp\/v2\/comments?post=597"}],"version-history":[{"count":1,"href":"https:\/\/mediallabor.com.br\/blog\/wp-json\/wp\/v2\/posts\/597\/revisions"}],"predecessor-version":[{"id":599,"href":"https:\/\/mediallabor.com.br\/blog\/wp-json\/wp\/v2\/posts\/597\/revisions\/599"}],"wp:featuredmedia":[{"embeddable":true,"href":"https:\/\/mediallabor.com.br\/blog\/wp-json\/wp\/v2\/media\/598"}],"wp:attachment":[{"href":"https:\/\/mediallabor.com.br\/blog\/wp-json\/wp\/v2\/media?parent=597"}],"wp:term":[{"taxonomy":"category","embeddable":true,"href":"https:\/\/mediallabor.com.br\/blog\/wp-json\/wp\/v2\/categories?post=597"},{"taxonomy":"post_tag","embeddable":true,"href":"https:\/\/mediallabor.com.br\/blog\/wp-json\/wp\/v2\/tags?post=597"}],"curies":[{"name":"wp","href":"https:\/\/api.w.org\/{rel}","templated":true}]}}