{"id":602,"date":"2025-11-13T15:05:03","date_gmt":"2025-11-13T15:05:03","guid":{"rendered":"https:\/\/mediallabor.com.br\/blog\/?p=602"},"modified":"2025-11-13T19:36:37","modified_gmt":"2025-11-13T19:36:37","slug":"saude-do-homem-prevencao-exames-e-o-papel-do-autocuidado-masculino","status":"publish","type":"post","link":"https:\/\/mediallabor.com.br\/blog\/saude-do-homem-prevencao-exames-e-o-papel-do-autocuidado-masculino\/","title":{"rendered":"Sa\u00fade do homem: preven\u00e7\u00e3o, exames e o papel do autocuidado masculino"},"content":{"rendered":"\n<h2 class=\"wp-block-heading\" style=\"font-size:20px\"><strong><mark style=\"background-color:rgba(0, 0, 0, 0);color:#7a4488\" class=\"has-inline-color\"><strong><strong><strong><strong><strong><strong><strong><strong><strong><strong>Por que falar sobre a sa\u00fade do homem?<\/strong><\/strong><\/strong><\/strong><\/strong><\/strong><\/strong><\/strong><\/strong><\/strong><\/mark><\/strong><\/h2>\n\n\n\n<p>Durante o <strong>Novembro Azul<\/strong>, o foco est\u00e1 na <strong>preven\u00e7\u00e3o e conscientiza\u00e7\u00e3o sobre o c\u00e2ncer de pr\u00f3stata<\/strong>. No entanto, o m\u00eas tamb\u00e9m \u00e9 um convite para ampliar o olhar sobre o <strong>autocuidado masculino<\/strong> \u2014 que vai muito al\u00e9m de uma consulta anual.<br>Segundo o <strong>Minist\u00e9rio da Sa\u00fade<\/strong>, os homens ainda vivem, em m\u00e9dia, sete anos a menos que as mulheres. Isso acontece principalmente pela <strong>falta de preven\u00e7\u00e3o<\/strong> e pela <strong>resist\u00eancia em procurar atendimento m\u00e9dico<\/strong>.<br>Na <strong>Medial Labor<\/strong>, refor\u00e7amos que cuidar da sa\u00fade \u00e9 um ato de responsabilidade e amor-pr\u00f3prio.<br><br><strong>Cuidar da mente tamb\u00e9m \u00e9 sa\u00fade<br><\/strong>Muitos homens crescem ouvindo que \u201cprecisam ser fortes o tempo todo\u201d. Essa cren\u00e7a, no entanto, faz com que ignorem sinais importantes de <strong>estresse, ansiedade e depress\u00e3o<\/strong>.<br>Buscar apoio psicol\u00f3gico n\u00e3o \u00e9 fraqueza \u2014 \u00e9 coragem.<br>A <strong>Psicologia da Medial Labor<\/strong> oferece atendimentos voltados ao equil\u00edbrio emocional e \u00e0 qualidade de vida.<br>\ud83d\udc49 <em>Converse com um de nossos profissionais e descubra como o cuidado com a mente pode transformar sua rotina. <strong><a data-type=\"link\" data-id=\"https:\/\/api.whatsapp.com\/send?phone=5511976734825&amp;text=Ol%C3%A1,%20preciso%20de%20informa%C3%A7%C3%B5es.\" href=\"https:\/\/api.whatsapp.com\/send?phone=5511976734825&amp;text=Ol%C3%A1,%20preciso%20de%20informa%C3%A7%C3%B5es.\">Clique aqui<\/a><\/strong><\/em><\/p>\n\n\n\n<p class=\"has-medium-font-size\"><strong><mark style=\"background-color:rgba(0, 0, 0, 0);color:#7a4488\" class=\"has-inline-color\"><strong><strong><strong><strong><strong><strong><strong><strong><strong>Sa\u00fade bucal tamb\u00e9m faz parte da preven\u00e7\u00e3o<\/strong><\/strong><\/strong><\/strong><\/strong><\/strong><\/strong><\/strong><\/strong><\/mark><\/strong><\/p>\n\n\n\n<p>O <strong>c\u00e2ncer bucal<\/strong> \u00e9 uma das doen\u00e7as mais comuns entre os homens.<br>Fatores como <strong>tabagismo, consumo de \u00e1lcool e exposi\u00e7\u00e3o solar<\/strong> aumentam o risco.<br>Por isso, as consultas odontol\u00f3gicas devem ser realizadas pelo menos <strong>duas vezes ao ano<\/strong>. O dentista \u00e9 capaz de identificar les\u00f5es precoces e evitar complica\u00e7\u00f5es.<\/p>\n\n\n\n<p class=\"has-medium-font-size\"><strong><mark style=\"background-color:rgba(0, 0, 0, 0);color:#7a4488\" class=\"has-inline-color\"><strong><strong><strong><strong><strong><strong><strong><strong><strong><strong>O papel do urologista<\/strong><\/strong><\/strong><\/strong><\/strong><\/strong><\/strong><\/strong><\/strong><\/strong><\/mark><\/strong><\/p>\n\n\n\n<p>O <strong>urologista<\/strong> \u00e9 o m\u00e9dico respons\u00e1vel pela sa\u00fade do sistema urin\u00e1rio e reprodutor masculino. A consulta deve ser feita <strong>anualmente a partir dos 45 anos<\/strong>, ou antes, se houver hist\u00f3rico familiar de c\u00e2ncer de pr\u00f3stata.<br>Durante o atendimento, \u00e9 poss\u00edvel esclarecer d\u00favidas, realizar exames preventivos e discutir h\u00e1bitos de vida mais saud\u00e1veis.<br><br><strong>Autocuidado: pequenas atitudes, grandes resultados<\/strong><strong><br><\/strong>Cuidar de si mesmo vai al\u00e9m das consultas m\u00e9dicas.<br>Inclui h\u00e1bitos simples que transformam o dia a dia:<\/p>\n\n\n\n<ul class=\"wp-block-list\">\n<li>Pratique <strong>atividade f\u00edsica<\/strong> regularmente.<br><\/li>\n\n\n\n<li>Mantenha uma <strong>alimenta\u00e7\u00e3o equilibrada<\/strong>.<br><\/li>\n\n\n\n<li>Evite o <strong>uso excessivo de \u00e1lcool e cigarro<\/strong>.<br><\/li>\n\n\n\n<li>Fa\u00e7a pausas para relaxar e se conectar com o que importa.<br><\/li>\n<\/ul>\n\n\n\n<p>Essas atitudes reduzem o risco de doen\u00e7as e melhoram a disposi\u00e7\u00e3o f\u00edsica e mental.<br><br><strong>O cuidado come\u00e7a com voc\u00ea<\/strong><strong><br><\/strong>O <strong>Novembro Azul<\/strong> \u00e9 um lembrete de que <strong>prevenir \u00e9 sempre o melhor caminho<\/strong>.<br>Agende sua consulta, realize seus exames e incentive outros homens a fazerem o mesmo.<br>Na <strong>Medial Labor<\/strong>, estamos prontos para cuidar de todas as fases da sua sa\u00fade \u2014 f\u00edsica e emocional.<br><strong>Porque homem que se cuida vive mais.<\/strong><\/p>\n\n\n\n<p><strong>Agende sua consulta preventiva na Medial e cuide da sua sa\u00fade <\/strong><\/p>\n\n\n\n<p><strong>Na Medial Labor somos uma clinica m\u00e9dica localizada na Vila Sabrina zona norte de S\u00e3o Paulo, podemos esclarecer algumas d\u00favidas sobre sua sa\u00fade e te indicar para um especialista de sa\u00fade mental ! <a data-type=\"link\" data-id=\"https:\/\/api.whatsapp.com\/send?phone=5511976734825&amp;text=Ol%C3%A1,%20preciso%20de%20informa%C3%A7%C3%B5es.\" href=\"https:\/\/api.whatsapp.com\/send?phone=5511976734825&amp;text=Ol%C3%A1,%20preciso%20de%20informa%C3%A7%C3%B5es.\">Clique aqui<\/a> para falar conosco no Whatsapp ou ligue para nossa cl\u00ednica no telefone <a href=\"tel:01129870210\">(11) 2987-0210<\/a>. Sua sa\u00fade merece esse cuidado.<\/strong><\/p>\n\n\n\n<p><\/p>\n","protected":false},"excerpt":{"rendered":"<p>Por que falar sobre a sa\u00fade do homem? Durante o Novembro Azul, o foco est\u00e1 na preven\u00e7\u00e3o e conscientiza\u00e7\u00e3o sobre o c\u00e2ncer de pr\u00f3stata. No entanto, o m\u00eas tamb\u00e9m \u00e9 um convite para ampliar o olhar sobre o autocuidado masculino \u2014 que vai muito al\u00e9m de uma consulta anual.Segundo o Minist\u00e9rio da Sa\u00fade, os homens ainda vivem, em m\u00e9dia, sete anos a menos que as mulheres. Isso acontece principalmente pela falta de preven\u00e7\u00e3o e pela resist\u00eancia em procurar atendimento m\u00e9dico.Na Medial Labor, refor\u00e7amos que cuidar da sa\u00fade \u00e9 um ato de responsabilidade e amor-pr\u00f3prio. Cuidar da mente tamb\u00e9m \u00e9 sa\u00fadeMuitos homens crescem ouvindo que \u201cprecisam ser fortes o tempo todo\u201d. Essa cren\u00e7a, no entanto, faz com que ignorem sinais importantes de estresse, ansiedade e depress\u00e3o.Buscar apoio psicol\u00f3gico n\u00e3o \u00e9 fraqueza \u2014 \u00e9 coragem.A Psicologia da Medial Labor oferece atendimentos voltados ao equil\u00edbrio emocional e \u00e0 qualidade de vida.\ud83d\udc49 Converse com um de nossos profissionais e descubra como o cuidado com a mente pode transformar sua rotina. Clique aqui Sa\u00fade bucal tamb\u00e9m faz parte da preven\u00e7\u00e3o O c\u00e2ncer bucal \u00e9 uma das doen\u00e7as mais comuns entre os homens.Fatores como tabagismo, consumo de \u00e1lcool e exposi\u00e7\u00e3o solar aumentam o risco.Por isso, as consultas odontol\u00f3gicas devem ser realizadas pelo menos duas vezes ao ano. O dentista \u00e9 capaz de identificar les\u00f5es precoces e evitar complica\u00e7\u00f5es. O papel do urologista O urologista \u00e9 o m\u00e9dico respons\u00e1vel pela sa\u00fade do sistema urin\u00e1rio e reprodutor masculino. A consulta deve ser feita anualmente a partir dos 45 anos, ou antes, se houver hist\u00f3rico familiar de c\u00e2ncer de pr\u00f3stata.Durante o atendimento, \u00e9 poss\u00edvel esclarecer d\u00favidas, realizar exames preventivos e discutir h\u00e1bitos de vida mais saud\u00e1veis. Autocuidado: pequenas atitudes, grandes resultadosCuidar de si mesmo vai al\u00e9m das consultas m\u00e9dicas.Inclui h\u00e1bitos simples que transformam o dia a dia: Essas atitudes reduzem o risco de doen\u00e7as e melhoram a disposi\u00e7\u00e3o f\u00edsica e mental. O cuidado come\u00e7a com voc\u00eaO Novembro Azul \u00e9 um lembrete de que prevenir \u00e9 sempre o melhor caminho.Agende sua consulta, realize seus exames e incentive outros homens a fazerem o mesmo.Na Medial Labor, estamos prontos para cuidar de todas as fases da sua sa\u00fade \u2014 f\u00edsica e emocional.Porque homem que se cuida vive mais. Agende sua consulta preventiva na Medial e cuide da sua sa\u00fade Na Medial Labor somos uma clinica m\u00e9dica localizada na Vila Sabrina zona norte de S\u00e3o Paulo, podemos esclarecer algumas d\u00favidas sobre sua sa\u00fade e te indicar para um especialista de sa\u00fade mental ! Clique aqui para falar conosco no Whatsapp ou ligue para nossa cl\u00ednica no telefone (11) 2987-0210. Sua sa\u00fade merece esse cuidado.<\/p>\n","protected":false},"author":1,"featured_media":603,"comment_status":"open","ping_status":"open","sticky":false,"template":"","format":"standard","meta":{"om_disable_all_campaigns":false,"_monsterinsights_skip_tracking":false,"_monsterinsights_sitenote_active":false,"_monsterinsights_sitenote_note":"","_monsterinsights_sitenote_category":0,"_uf_show_specific_survey":0,"_uf_disable_surveys":false,"footnotes":""},"categories":[54,7],"tags":[35,52,53,34],"class_list":["post-602","post","type-post","status-publish","format-standard","has-post-thumbnail","hentry","category-novembro-azul","category-saude","tag-medial-labor","tag-novembro-azul","tag-saude-do-homem","tag-vila-sabrina"],"aioseo_notices":[],"_links":{"self":[{"href":"https:\/\/mediallabor.com.br\/blog\/wp-json\/wp\/v2\/posts\/602","targetHints":{"allow":["GET"]}}],"collection":[{"href":"https:\/\/mediallabor.com.br\/blog\/wp-json\/wp\/v2\/posts"}],"about":[{"href":"https:\/\/mediallabor.com.br\/blog\/wp-json\/wp\/v2\/types\/post"}],"author":[{"embeddable":true,"href":"https:\/\/mediallabor.com.br\/blog\/wp-json\/wp\/v2\/users\/1"}],"replies":[{"embeddable":true,"href":"https:\/\/mediallabor.com.br\/blog\/wp-json\/wp\/v2\/comments?post=602"}],"version-history":[{"count":1,"href":"https:\/\/mediallabor.com.br\/blog\/wp-json\/wp\/v2\/posts\/602\/revisions"}],"predecessor-version":[{"id":604,"href":"https:\/\/mediallabor.com.br\/blog\/wp-json\/wp\/v2\/posts\/602\/revisions\/604"}],"wp:featuredmedia":[{"embeddable":true,"href":"https:\/\/mediallabor.com.br\/blog\/wp-json\/wp\/v2\/media\/603"}],"wp:attachment":[{"href":"https:\/\/mediallabor.com.br\/blog\/wp-json\/wp\/v2\/media?parent=602"}],"wp:term":[{"taxonomy":"category","embeddable":true,"href":"https:\/\/mediallabor.com.br\/blog\/wp-json\/wp\/v2\/categories?post=602"},{"taxonomy":"post_tag","embeddable":true,"href":"https:\/\/mediallabor.com.br\/blog\/wp-json\/wp\/v2\/tags?post=602"}],"curies":[{"name":"wp","href":"https:\/\/api.w.org\/{rel}","templated":true}]}}