{"id":606,"date":"2025-11-14T13:19:41","date_gmt":"2025-11-14T13:19:41","guid":{"rendered":"https:\/\/mediallabor.com.br\/blog\/?p=606"},"modified":"2025-11-14T13:19:41","modified_gmt":"2025-11-14T13:19:41","slug":"cancer-bucal-sinais-de-alerta-e-como-o-dentista-pode-salvar-vidas","status":"publish","type":"post","link":"https:\/\/mediallabor.com.br\/blog\/cancer-bucal-sinais-de-alerta-e-como-o-dentista-pode-salvar-vidas\/","title":{"rendered":"C\u00e2ncer bucal: sinais de alerta e como o dentista pode salvar vidas"},"content":{"rendered":"\n<h2 class=\"wp-block-heading\" style=\"font-size:20px\"><strong><mark style=\"background-color:rgba(0, 0, 0, 0);color:#7a4488\" class=\"has-inline-color\"><strong><strong><strong><strong><strong><strong><strong><strong><strong><strong><strong>O que \u00e9 o c\u00e2ncer bucal?<\/strong><\/strong><\/strong><\/strong><\/strong><\/strong><\/strong><\/strong><\/strong><\/strong><\/strong><\/mark><\/strong><\/h2>\n\n\n\n<p>O <strong>c\u00e2ncer bucal<\/strong> \u00e9 um tipo de tumor maligno que afeta os <strong>l\u00e1bios, l\u00edngua, gengivas, bochechas, c\u00e9u da boca e garganta<\/strong>.<br>Ele est\u00e1 entre os <strong>10 tipos de c\u00e2ncer mais comuns no Brasil<\/strong>, segundo o <strong>Instituto Nacional de C\u00e2ncer (INCA)<\/strong>, e atinge com maior frequ\u00eancia <strong>homens acima dos 40 anos<\/strong>.<\/p>\n\n\n\n<p>O maior problema \u00e9 que a doen\u00e7a, na maioria das vezes, <strong>n\u00e3o causa dor nos est\u00e1gios iniciais<\/strong>, o que faz com que o diagn\u00f3stico aconte\u00e7a tardiamente.<br>Por isso, <strong>a visita regular ao dentista<\/strong> \u00e9 fundamental para identificar qualquer altera\u00e7\u00e3o suspeita.<br><br><strong>Sinais de alerta que voc\u00ea n\u00e3o deve ignorar<\/strong><strong><br><\/strong>Alguns sintomas podem parecer simples, mas merecem aten\u00e7\u00e3o:<\/p>\n\n\n\n<ul class=\"wp-block-list\">\n<li>Feridas na boca que <strong>n\u00e3o cicatrizam em at\u00e9 15 dias<\/strong>;<br><\/li>\n\n\n\n<li>Manchas <strong>brancas ou avermelhadas<\/strong> na l\u00edngua, gengiva ou bochechas;<br><\/li>\n\n\n\n<li><strong>Sangramentos<\/strong> sem causa aparente;<br><\/li>\n\n\n\n<li><strong>Dificuldade para mastigar, engolir ou falar<\/strong>;<br><\/li>\n\n\n\n<li><strong>N\u00f3dulos ou caro\u00e7os<\/strong> na boca ou pesco\u00e7o;<br><\/li>\n\n\n\n<li><strong>Rouquid\u00e3o persistente<\/strong>.<\/li>\n<\/ul>\n\n\n\n<p>Esses sinais n\u00e3o significam, necessariamente, um c\u00e2ncer, mas exigem <strong>avalia\u00e7\u00e3o odontol\u00f3gica imediata<\/strong>.<br>\ud83d\udc49 <em>Quanto antes for identificado, maiores s\u00e3o as chances de cura.<\/em> <em><strong><a data-type=\"link\" data-id=\"https:\/\/api.whatsapp.com\/send?phone=5511976734825&amp;text=Ol%C3%A1,%20preciso%20de%20informa%C3%A7%C3%B5es.\" href=\"https:\/\/api.whatsapp.com\/send?phone=5511976734825&amp;text=Ol%C3%A1,%20preciso%20de%20informa%C3%A7%C3%B5es.\">Clique aqui<\/a><\/strong><\/em> e fale com nosso especialista.<\/p>\n\n\n\n<p class=\"has-medium-font-size\"><strong><mark style=\"background-color:rgba(0, 0, 0, 0);color:#7a4488\" class=\"has-inline-color\"><strong><strong><strong><strong><strong><strong><strong><strong><strong><strong>O papel essencial do dentista<\/strong><\/strong><\/strong><\/strong><\/strong><\/strong><\/strong><\/strong><\/strong><\/strong><\/mark><\/strong><\/p>\n\n\n\n<p>O dentista \u00e9 o <strong>primeiro profissional capaz de detectar<\/strong> les\u00f5es suspeitas na boca.<br>Durante uma consulta de rotina, ele realiza um <strong>exame cl\u00ednico minucioso<\/strong>, avaliando toda a mucosa oral e encaminhando o paciente para exames complementares, se necess\u00e1rio.<\/p>\n\n\n\n<p>Al\u00e9m disso, o dentista atua na <strong>educa\u00e7\u00e3o preventiva<\/strong>, orientando sobre:<\/p>\n\n\n\n<ul class=\"wp-block-list\">\n<li>Higiene bucal adequada;<br><\/li>\n\n\n\n<li>Parada do tabagismo;<br><\/li>\n\n\n\n<li>Redu\u00e7\u00e3o do consumo de \u00e1lcool;<br><\/li>\n\n\n\n<li>Prote\u00e7\u00e3o solar para os l\u00e1bios;<br><\/li>\n<\/ul>\n\n\n\n<p>Import\u00e2ncia das consultas regulares.<\/p>\n\n\n\n<p class=\"has-medium-font-size\"><strong><mark style=\"background-color:rgba(0, 0, 0, 0);color:#7a4488\" class=\"has-inline-color\"><strong><strong><strong><strong><strong><strong><strong><strong><strong><strong>O papel do urologista<\/strong><\/strong><\/strong><\/strong><\/strong><\/strong><\/strong><\/strong><\/strong><\/strong><\/mark><\/strong><\/p>\n\n\n\n<p>O <strong>urologista<\/strong> \u00e9 o m\u00e9dico respons\u00e1vel pela sa\u00fade do sistema urin\u00e1rio e reprodutor masculino. A consulta deve ser feita <strong>anualmente a partir dos 45 anos<\/strong>, ou antes, se houver hist\u00f3rico familiar de c\u00e2ncer de pr\u00f3stata.<br>Durante o atendimento, \u00e9 poss\u00edvel esclarecer d\u00favidas, realizar exames preventivos e discutir h\u00e1bitos de vida mais saud\u00e1veis.<br><br><strong>Autocuidado: pequenas atitudes, grandes resultados<\/strong><strong><br><\/strong>Cuidar de si mesmo vai al\u00e9m das consultas m\u00e9dicas.<br>Inclui h\u00e1bitos simples que transformam o dia a dia:<\/p>\n\n\n\n<ul class=\"wp-block-list\">\n<li>Pratique <strong>atividade f\u00edsica<\/strong> regularmente.<br><\/li>\n\n\n\n<li>Mantenha uma <strong>alimenta\u00e7\u00e3o equilibrada<\/strong>.<br><\/li>\n\n\n\n<li>Evite o <strong>uso excessivo de \u00e1lcool e cigarro<\/strong>.<br><\/li>\n\n\n\n<li>Fa\u00e7a pausas para relaxar e se conectar com o que importa.<br><\/li>\n<\/ul>\n\n\n\n<p>Essas atitudes reduzem o risco de doen\u00e7as e melhoram a disposi\u00e7\u00e3o f\u00edsica e mental. <em>Conhe\u00e7a a Odontologia da Medial Labor e agende sua avalia\u00e7\u00e3o.<\/em> <em><strong><a data-type=\"link\" data-id=\"https:\/\/api.whatsapp.com\/send?phone=5511976734825&amp;text=Ol%C3%A1,%20preciso%20de%20informa%C3%A7%C3%B5es.\" href=\"https:\/\/api.whatsapp.com\/send?phone=5511976734825&amp;text=Ol%C3%A1,%20preciso%20de%20informa%C3%A7%C3%B5es.\">Clique aqui<\/a><\/strong><\/em><\/p>\n\n\n\n<p class=\"has-medium-font-size\"><strong><mark style=\"background-color:rgba(0, 0, 0, 0);color:#7a4488\" class=\"has-inline-color\"><strong><strong><strong><strong><strong><strong><strong><strong><strong><strong>O papel do urologista<\/strong><\/strong><\/strong><\/strong><\/strong><\/strong><\/strong><\/strong><\/strong><\/strong><\/mark><\/strong><\/p>\n\n\n\n<p>O sucesso no tratamento do c\u00e2ncer bucal est\u00e1 diretamente ligado \u00e0 <strong>detec\u00e7\u00e3o precoce<\/strong>.<br>Em est\u00e1gios iniciais, a taxa de cura pode ultrapassar <strong>80%<\/strong>, enquanto diagn\u00f3sticos tardios reduzem drasticamente essa porcentagem.Na <strong>Medial Labor<\/strong>, contamos com <strong>odontologistas especializados<\/strong> e exames complementares de imagem que auxiliam na identifica\u00e7\u00e3o precisa de les\u00f5es.<\/p>\n\n\n\n<p class=\"has-medium-font-size\"><strong><mark style=\"background-color:rgba(0, 0, 0, 0);color:#7a4488\" class=\"has-inline-color\"><strong><strong><strong><strong><strong><strong><strong><strong><strong><strong><strong>Como prevenir o c\u00e2ncer bucal<\/strong><\/strong><\/strong><\/strong><\/strong><\/strong><\/strong><\/strong><\/strong><\/strong><\/strong><\/mark><\/strong><\/p>\n\n\n\n<p>A preven\u00e7\u00e3o \u00e9 simples e come\u00e7a com h\u00e1bitos saud\u00e1veis:<\/p>\n\n\n\n<ul class=\"wp-block-list\">\n<li><strong>Mantenha boa higiene bucal<\/strong>;<br><\/li>\n\n\n\n<li><strong>Evite cigarro e bebidas alco\u00f3licas<\/strong>;<br><\/li>\n\n\n\n<li><strong>Use protetor solar labial<\/strong> diariamente;<br><\/li>\n\n\n\n<li><strong>Tenha alimenta\u00e7\u00e3o rica em frutas e verduras<\/strong>;<br><\/li>\n\n\n\n<li><strong>Fa\u00e7a consultas peri\u00f3dicas com o dentista<\/strong>.<\/li>\n<\/ul>\n\n\n\n<p>Essas atitudes, associadas ao acompanhamento odontol\u00f3gico, reduzem significativamente o risco da doen\u00e7a.<\/p>\n\n\n\n<p><strong>Campanhas de preven\u00e7\u00e3o e conscientiza\u00e7\u00e3o<\/strong><strong><br><\/strong>Entre <strong>1\u00ba e 7 de novembro<\/strong>, ocorre a <strong>Semana Nacional de Preven\u00e7\u00e3o do C\u00e2ncer Bucal<\/strong>, institu\u00edda pela <strong>Lei n\u00ba 13.230\/2015<\/strong>.<br>O objetivo \u00e9 refor\u00e7ar a import\u00e2ncia da <strong>educa\u00e7\u00e3o em sa\u00fade bucal<\/strong> e o papel do dentista na <strong>detec\u00e7\u00e3o precoce de les\u00f5es<\/strong>.<br><\/p>\n\n\n\n<p>Na <strong>Medial Labor<\/strong>, essa conscientiza\u00e7\u00e3o acontece o ano inteiro.<br>Nossos profissionais est\u00e3o preparados para cuidar de voc\u00ea com aten\u00e7\u00e3o e responsabilidade. \ud83e\uddb7\ud83d\udc99<\/p>\n\n\n\n<p><strong>Seu sorriso pode salvar sua vida<\/strong><strong><br><\/strong>Cuidar da boca \u00e9 cuidar da sa\u00fade como um todo.<br>N\u00e3o espere o problema aparecer \u2014 <strong>previna-se, fa\u00e7a consultas regulares<\/strong> e incentive outras pessoas a fazerem o mesmo.<\/p>\n\n\n\n<p>\u27a1\ufe0f <em>Agende sua avalia\u00e7\u00e3o odontol\u00f3gica na Medial Labor e mantenha seu sorriso e sua sa\u00fade em dia.<\/em><\/p>\n\n\n\n<p><strong>Na Medial Labor somos uma clinica m\u00e9dica localizada na Vila Sabrina zona norte de S\u00e3o Paulo, podemos esclarecer algumas d\u00favidas sobre sua sa\u00fade e te indicar para um especialista de sa\u00fade mental ! <a data-type=\"link\" data-id=\"https:\/\/api.whatsapp.com\/send?phone=5511976734825&amp;text=Ol%C3%A1,%20preciso%20de%20informa%C3%A7%C3%B5es.\" href=\"https:\/\/api.whatsapp.com\/send?phone=5511976734825&amp;text=Ol%C3%A1,%20preciso%20de%20informa%C3%A7%C3%B5es.\">Clique aqui<\/a> para falar conosco no Whatsapp ou ligue para nossa cl\u00ednica no telefone <a href=\"tel:01129870210\">(11) 2987-0210<\/a>. Sua sa\u00fade merece esse cuidado.<\/strong><\/p>\n\n\n\n<p><\/p>\n","protected":false},"excerpt":{"rendered":"<p>O que \u00e9 o c\u00e2ncer bucal? O c\u00e2ncer bucal \u00e9 um tipo de tumor maligno que afeta os l\u00e1bios, l\u00edngua, gengivas, bochechas, c\u00e9u da boca e garganta.Ele est\u00e1 entre os 10 tipos de c\u00e2ncer mais comuns no Brasil, segundo o Instituto Nacional de C\u00e2ncer (INCA), e atinge com maior frequ\u00eancia homens acima dos 40 anos. O maior problema \u00e9 que a doen\u00e7a, na maioria das vezes, n\u00e3o causa dor nos est\u00e1gios iniciais, o que faz com que o diagn\u00f3stico aconte\u00e7a tardiamente.Por isso, a visita regular ao dentista \u00e9 fundamental para identificar qualquer altera\u00e7\u00e3o suspeita. Sinais de alerta que voc\u00ea n\u00e3o deve ignorarAlguns sintomas podem parecer simples, mas merecem aten\u00e7\u00e3o: Esses sinais n\u00e3o significam, necessariamente, um c\u00e2ncer, mas exigem avalia\u00e7\u00e3o odontol\u00f3gica imediata.\ud83d\udc49 Quanto antes for identificado, maiores s\u00e3o as chances de cura. Clique aqui e fale com nosso especialista. O papel essencial do dentista O dentista \u00e9 o primeiro profissional capaz de detectar les\u00f5es suspeitas na boca.Durante uma consulta de rotina, ele realiza um exame cl\u00ednico minucioso, avaliando toda a mucosa oral e encaminhando o paciente para exames complementares, se necess\u00e1rio. Al\u00e9m disso, o dentista atua na educa\u00e7\u00e3o preventiva, orientando sobre: Import\u00e2ncia das consultas regulares. O papel do urologista O urologista \u00e9 o m\u00e9dico respons\u00e1vel pela sa\u00fade do sistema urin\u00e1rio e reprodutor masculino. A consulta deve ser feita anualmente a partir dos 45 anos, ou antes, se houver hist\u00f3rico familiar de c\u00e2ncer de pr\u00f3stata.Durante o atendimento, \u00e9 poss\u00edvel esclarecer d\u00favidas, realizar exames preventivos e discutir h\u00e1bitos de vida mais saud\u00e1veis. Autocuidado: pequenas atitudes, grandes resultadosCuidar de si mesmo vai al\u00e9m das consultas m\u00e9dicas.Inclui h\u00e1bitos simples que transformam o dia a dia: Essas atitudes reduzem o risco de doen\u00e7as e melhoram a disposi\u00e7\u00e3o f\u00edsica e mental. Conhe\u00e7a a Odontologia da Medial Labor e agende sua avalia\u00e7\u00e3o. Clique aqui O papel do urologista O sucesso no tratamento do c\u00e2ncer bucal est\u00e1 diretamente ligado \u00e0 detec\u00e7\u00e3o precoce.Em est\u00e1gios iniciais, a taxa de cura pode ultrapassar 80%, enquanto diagn\u00f3sticos tardios reduzem drasticamente essa porcentagem.Na Medial Labor, contamos com odontologistas especializados e exames complementares de imagem que auxiliam na identifica\u00e7\u00e3o precisa de les\u00f5es. Como prevenir o c\u00e2ncer bucal A preven\u00e7\u00e3o \u00e9 simples e come\u00e7a com h\u00e1bitos saud\u00e1veis: Essas atitudes, associadas ao acompanhamento odontol\u00f3gico, reduzem significativamente o risco da doen\u00e7a. Campanhas de preven\u00e7\u00e3o e conscientiza\u00e7\u00e3oEntre 1\u00ba e 7 de novembro, ocorre a Semana Nacional de Preven\u00e7\u00e3o do C\u00e2ncer Bucal, institu\u00edda pela Lei n\u00ba 13.230\/2015.O objetivo \u00e9 refor\u00e7ar a import\u00e2ncia da educa\u00e7\u00e3o em sa\u00fade bucal e o papel do dentista na detec\u00e7\u00e3o precoce de les\u00f5es. Na Medial Labor, essa conscientiza\u00e7\u00e3o acontece o ano inteiro.Nossos profissionais est\u00e3o preparados para cuidar de voc\u00ea com aten\u00e7\u00e3o e responsabilidade. \ud83e\uddb7\ud83d\udc99 Seu sorriso pode salvar sua vidaCuidar da boca \u00e9 cuidar da sa\u00fade como um todo.N\u00e3o espere o problema aparecer \u2014 previna-se, fa\u00e7a consultas regulares e incentive outras pessoas a fazerem o mesmo. \u27a1\ufe0f Agende sua avalia\u00e7\u00e3o odontol\u00f3gica na Medial Labor e mantenha seu sorriso e sua sa\u00fade em dia. Na Medial Labor somos uma clinica m\u00e9dica localizada na Vila Sabrina zona norte de S\u00e3o Paulo, podemos esclarecer algumas d\u00favidas sobre sua sa\u00fade e te indicar para um especialista de sa\u00fade mental ! Clique aqui para falar conosco no Whatsapp ou ligue para nossa cl\u00ednica no telefone (11) 2987-0210. Sua sa\u00fade merece esse cuidado.<\/p>\n","protected":false},"author":1,"featured_media":607,"comment_status":"open","ping_status":"open","sticky":false,"template":"","format":"standard","meta":{"om_disable_all_campaigns":false,"_monsterinsights_skip_tracking":false,"_monsterinsights_sitenote_active":false,"_monsterinsights_sitenote_note":"","_monsterinsights_sitenote_category":0,"_uf_show_specific_survey":0,"_uf_disable_surveys":false,"footnotes":""},"categories":[54,7],"tags":[35,52,53,34],"class_list":["post-606","post","type-post","status-publish","format-standard","has-post-thumbnail","hentry","category-novembro-azul","category-saude","tag-medial-labor","tag-novembro-azul","tag-saude-do-homem","tag-vila-sabrina"],"aioseo_notices":[],"_links":{"self":[{"href":"https:\/\/mediallabor.com.br\/blog\/wp-json\/wp\/v2\/posts\/606","targetHints":{"allow":["GET"]}}],"collection":[{"href":"https:\/\/mediallabor.com.br\/blog\/wp-json\/wp\/v2\/posts"}],"about":[{"href":"https:\/\/mediallabor.com.br\/blog\/wp-json\/wp\/v2\/types\/post"}],"author":[{"embeddable":true,"href":"https:\/\/mediallabor.com.br\/blog\/wp-json\/wp\/v2\/users\/1"}],"replies":[{"embeddable":true,"href":"https:\/\/mediallabor.com.br\/blog\/wp-json\/wp\/v2\/comments?post=606"}],"version-history":[{"count":1,"href":"https:\/\/mediallabor.com.br\/blog\/wp-json\/wp\/v2\/posts\/606\/revisions"}],"predecessor-version":[{"id":608,"href":"https:\/\/mediallabor.com.br\/blog\/wp-json\/wp\/v2\/posts\/606\/revisions\/608"}],"wp:featuredmedia":[{"embeddable":true,"href":"https:\/\/mediallabor.com.br\/blog\/wp-json\/wp\/v2\/media\/607"}],"wp:attachment":[{"href":"https:\/\/mediallabor.com.br\/blog\/wp-json\/wp\/v2\/media?parent=606"}],"wp:term":[{"taxonomy":"category","embeddable":true,"href":"https:\/\/mediallabor.com.br\/blog\/wp-json\/wp\/v2\/categories?post=606"},{"taxonomy":"post_tag","embeddable":true,"href":"https:\/\/mediallabor.com.br\/blog\/wp-json\/wp\/v2\/tags?post=606"}],"curies":[{"name":"wp","href":"https:\/\/api.w.org\/{rel}","templated":true}]}}