{"id":610,"date":"2026-01-19T18:24:28","date_gmt":"2026-01-19T18:24:28","guid":{"rendered":"https:\/\/mediallabor.com.br\/blog\/?p=610"},"modified":"2026-01-19T18:24:28","modified_gmt":"2026-01-19T18:24:28","slug":"exames-preventivos-por-que-acompanhar-sua-saude-faz-diferenca-ao-longo-da-vida","status":"publish","type":"post","link":"https:\/\/mediallabor.com.br\/blog\/exames-preventivos-por-que-acompanhar-sua-saude-faz-diferenca-ao-longo-da-vida\/","title":{"rendered":"Exames preventivos: por que acompanhar sua sa\u00fade faz diferen\u00e7a ao longo da vida"},"content":{"rendered":"\n<p>Cuidar da sa\u00fade n\u00e3o significa esperar que algo esteja errado.<br>Os exames preventivos existem justamente para acompanhar o funcionamento do corpo ao longo do tempo, ajudando m\u00e9dicos e pacientes a tomarem decis\u00f5es com mais seguran\u00e7a e tranquilidade.<\/p>\n\n\n\n<p>A preven\u00e7\u00e3o n\u00e3o \u00e9 um ato isolado. Ela faz parte de um cuidado cont\u00ednuo, feito com aten\u00e7\u00e3o, orienta\u00e7\u00e3o e responsabilidade.<\/p>\n\n\n\n<h2 class=\"wp-block-heading\" style=\"font-size:20px\"><strong><mark style=\"background-color:rgba(0, 0, 0, 0);color:#7a4488\" class=\"has-inline-color\"><strong><strong><strong><strong><strong><strong><strong><strong><strong><strong><strong><strong>O que s\u00e3o exames preventivos?<\/strong><\/strong><\/strong><\/strong><\/strong><\/strong><\/strong><\/strong><\/strong><\/strong><\/strong><\/strong><\/mark><\/strong><\/h2>\n\n\n\n<p>Exames preventivos s\u00e3o avalia\u00e7\u00f5es solicitadas pelo m\u00e9dico para acompanhar a sa\u00fade, mesmo quando n\u00e3o h\u00e1 sintomas aparentes.<br>Eles ajudam a identificar altera\u00e7\u00f5es ainda no in\u00edcio ou a confirmar que tudo est\u00e1 bem, trazendo mais clareza sobre o momento atual do organismo.<\/p>\n\n\n\n<p>Ao contr\u00e1rio do que muitas pessoas pensam, esses exames n\u00e3o servem para \u201cprocurar problemas\u201d, mas para oferecer informa\u00e7\u00f5es importantes para o acompanhamento m\u00e9dico.<\/p>\n\n\n\n<p class=\"has-medium-font-size\"><strong><mark style=\"background-color:rgba(0, 0, 0, 0);color:#7a4488\" class=\"has-inline-color\"><strong><strong><strong><strong><strong><strong><strong><strong><strong><strong><strong>Por que fazer exames mesmo sem sintomas?<\/strong><\/strong><\/strong><\/strong><\/strong><\/strong><\/strong><\/strong><\/strong><\/strong><\/strong><\/mark><\/strong><\/p>\n\n\n\n<p>O dentista \u00e9 o <strong>primeiro profissional capaz de detectar<\/strong> les\u00f5es suspeitas na boca.<br>Muitas condi\u00e7\u00f5es de sa\u00fade n\u00e3o apresentam sinais no in\u00edcio.<br>Quando os sintomas aparecem, o organismo pode j\u00e1 estar lidando com algo em est\u00e1gio mais avan\u00e7ado.<\/p>\n\n\n\n<p>Por isso, realizar exames preventivos conforme orienta\u00e7\u00e3o m\u00e9dica permite:<\/p>\n\n\n\n<ul class=\"wp-block-list\">\n<li>Acompanhar a sa\u00fade ao longo do tempo<br><\/li>\n\n\n\n<li>Identificar mudan\u00e7as precoces<br><\/li>\n\n\n\n<li>Planejar cuidados de forma mais tranquila<br><\/li>\n\n\n\n<li>Reduzir a necessidade de interven\u00e7\u00f5es mais complexas<br><\/li>\n<\/ul>\n\n\n\n<p>Prevenir \u00e9 cuidar antes.<\/p>\n\n\n\n<p class=\"has-medium-font-size\"><strong><mark style=\"background-color:rgba(0, 0, 0, 0);color:#7a4488\" class=\"has-inline-color\"><strong><strong><strong><strong><strong><strong><strong><strong><strong><strong><strong><strong>A import\u00e2ncia da orienta\u00e7\u00e3o m\u00e9dica<\/strong><\/strong><\/strong><\/strong><\/strong><\/strong><\/strong><\/strong><\/strong><\/strong><\/strong><\/strong><\/mark><\/strong><\/p>\n\n\n\n<p>Cada pessoa possui uma hist\u00f3ria de sa\u00fade diferente.<br>Somente o m\u00e9dico pode indicar quais exames s\u00e3o necess\u00e1rios, com que frequ\u00eancia e como interpretar os resultados.<\/p>\n\n\n\n<p>Ap\u00f3s a realiza\u00e7\u00e3o dos exames, o retorno ao m\u00e9dico \u00e9 fundamental para que os resultados sejam avaliados de forma correta, considerando idade, hist\u00f3rico familiar, rotina e estilo de vida.<\/p>\n\n\n\n<p class=\"has-medium-font-size\"><strong><mark style=\"background-color:rgba(0, 0, 0, 0);color:#7a4488\" class=\"has-inline-color\"><strong><strong><strong><strong><strong><strong><strong><strong><strong><strong><strong>Acompanhamento \u00e9 cuidado cont\u00ednuo<\/strong><\/strong><\/strong><\/strong><\/strong><\/strong><\/strong><\/strong><\/strong><\/strong><\/strong><\/mark><\/strong><\/p>\n\n\n\n<p>Guardar seus exames e compar\u00e1-los ao longo dos anos ajuda o m\u00e9dico a entender a evolu\u00e7\u00e3o da sua sa\u00fade.<br>Esse acompanhamento traz mais seguran\u00e7a, clareza e tranquilidade para decis\u00f5es futuras.<\/p>\n\n\n\n<p>Cuidar da sa\u00fade \u00e9 um processo n\u00e3o um evento isolado.<\/p>\n\n\n\n<p class=\"has-medium-font-size\"><strong><mark style=\"background-color:rgba(0, 0, 0, 0);color:#7a4488\" class=\"has-inline-color\"><strong><strong><strong><strong><strong><strong><strong><strong><strong><strong><strong><strong>Conclus\u00e3o<\/strong><\/strong><\/strong><\/strong><\/strong><\/strong><\/strong><\/strong><\/strong><\/strong><\/strong><\/strong><\/mark><\/strong><\/p>\n\n\n\n<p>Os exames preventivos s\u00e3o aliados importantes para quem deseja viver com mais qualidade e consci\u00eancia sobre o pr\u00f3prio corpo.<br>Eles permitem um cuidado mais sereno, orientado e respons\u00e1vel.<\/p>\n\n\n\n<p>Sempre procure um profissional de sa\u00fade para receber orienta\u00e7\u00f5es adequadas e manter seu acompanhamento em dia.<br><br><strong>Na Medial Labor somos uma clinica m\u00e9dica localizada na Vila Sabrina zona norte de S\u00e3o Paulo, podemos esclarecer algumas d\u00favidas sobre sua sa\u00fade e te indicar para um especialista de sa\u00fade mental ! <a data-type=\"link\" data-id=\"https:\/\/api.whatsapp.com\/send?phone=5511976734825&amp;text=Ol%C3%A1,%20preciso%20de%20informa%C3%A7%C3%B5es.\" href=\"https:\/\/api.whatsapp.com\/send?phone=5511976734825&amp;text=Ol%C3%A1,%20preciso%20de%20informa%C3%A7%C3%B5es.\">Clique aqui<\/a> para falar conosco no Whatsapp ou ligue para nossa cl\u00ednica no telefone <a href=\"tel:01129870210\">(11) 2987-0210<\/a>. Sua sa\u00fade merece esse cuidado.<\/strong><\/p>\n\n\n\n<p><\/p>\n","protected":false},"excerpt":{"rendered":"<p>Cuidar da sa\u00fade n\u00e3o significa esperar que algo esteja errado.Os exames preventivos existem justamente para acompanhar o funcionamento do corpo ao longo do tempo, ajudando m\u00e9dicos e pacientes a tomarem decis\u00f5es com mais seguran\u00e7a e tranquilidade. A preven\u00e7\u00e3o n\u00e3o \u00e9 um ato isolado. Ela faz parte de um cuidado cont\u00ednuo, feito com aten\u00e7\u00e3o, orienta\u00e7\u00e3o e responsabilidade. O que s\u00e3o exames preventivos? Exames preventivos s\u00e3o avalia\u00e7\u00f5es solicitadas pelo m\u00e9dico para acompanhar a sa\u00fade, mesmo quando n\u00e3o h\u00e1 sintomas aparentes.Eles ajudam a identificar altera\u00e7\u00f5es ainda no in\u00edcio ou a confirmar que tudo est\u00e1 bem, trazendo mais clareza sobre o momento atual do organismo. Ao contr\u00e1rio do que muitas pessoas pensam, esses exames n\u00e3o servem para \u201cprocurar problemas\u201d, mas para oferecer informa\u00e7\u00f5es importantes para o acompanhamento m\u00e9dico. Por que fazer exames mesmo sem sintomas? O dentista \u00e9 o primeiro profissional capaz de detectar les\u00f5es suspeitas na boca.Muitas condi\u00e7\u00f5es de sa\u00fade n\u00e3o apresentam sinais no in\u00edcio.Quando os sintomas aparecem, o organismo pode j\u00e1 estar lidando com algo em est\u00e1gio mais avan\u00e7ado. Por isso, realizar exames preventivos conforme orienta\u00e7\u00e3o m\u00e9dica permite: Prevenir \u00e9 cuidar antes. A import\u00e2ncia da orienta\u00e7\u00e3o m\u00e9dica Cada pessoa possui uma hist\u00f3ria de sa\u00fade diferente.Somente o m\u00e9dico pode indicar quais exames s\u00e3o necess\u00e1rios, com que frequ\u00eancia e como interpretar os resultados. Ap\u00f3s a realiza\u00e7\u00e3o dos exames, o retorno ao m\u00e9dico \u00e9 fundamental para que os resultados sejam avaliados de forma correta, considerando idade, hist\u00f3rico familiar, rotina e estilo de vida. Acompanhamento \u00e9 cuidado cont\u00ednuo Guardar seus exames e compar\u00e1-los ao longo dos anos ajuda o m\u00e9dico a entender a evolu\u00e7\u00e3o da sua sa\u00fade.Esse acompanhamento traz mais seguran\u00e7a, clareza e tranquilidade para decis\u00f5es futuras. Cuidar da sa\u00fade \u00e9 um processo n\u00e3o um evento isolado. Conclus\u00e3o Os exames preventivos s\u00e3o aliados importantes para quem deseja viver com mais qualidade e consci\u00eancia sobre o pr\u00f3prio corpo.Eles permitem um cuidado mais sereno, orientado e respons\u00e1vel. Sempre procure um profissional de sa\u00fade para receber orienta\u00e7\u00f5es adequadas e manter seu acompanhamento em dia. Na Medial Labor somos uma clinica m\u00e9dica localizada na Vila Sabrina zona norte de S\u00e3o Paulo, podemos esclarecer algumas d\u00favidas sobre sua sa\u00fade e te indicar para um especialista de sa\u00fade mental ! Clique aqui para falar conosco no Whatsapp ou ligue para nossa cl\u00ednica no telefone (11) 2987-0210. Sua sa\u00fade merece esse cuidado.<\/p>\n","protected":false},"author":1,"featured_media":611,"comment_status":"open","ping_status":"open","sticky":false,"template":"","format":"standard","meta":{"om_disable_all_campaigns":false,"_monsterinsights_skip_tracking":false,"_monsterinsights_sitenote_active":false,"_monsterinsights_sitenote_note":"","_monsterinsights_sitenote_category":0,"_uf_show_specific_survey":0,"_uf_disable_surveys":false,"footnotes":""},"categories":[6,7],"tags":[30,35,34],"class_list":["post-610","post","type-post","status-publish","format-standard","has-post-thumbnail","hentry","category-exames","category-saude","tag-exames-laboratoriais","tag-medial-labor","tag-vila-sabrina"],"aioseo_notices":[],"_links":{"self":[{"href":"https:\/\/mediallabor.com.br\/blog\/wp-json\/wp\/v2\/posts\/610","targetHints":{"allow":["GET"]}}],"collection":[{"href":"https:\/\/mediallabor.com.br\/blog\/wp-json\/wp\/v2\/posts"}],"about":[{"href":"https:\/\/mediallabor.com.br\/blog\/wp-json\/wp\/v2\/types\/post"}],"author":[{"embeddable":true,"href":"https:\/\/mediallabor.com.br\/blog\/wp-json\/wp\/v2\/users\/1"}],"replies":[{"embeddable":true,"href":"https:\/\/mediallabor.com.br\/blog\/wp-json\/wp\/v2\/comments?post=610"}],"version-history":[{"count":1,"href":"https:\/\/mediallabor.com.br\/blog\/wp-json\/wp\/v2\/posts\/610\/revisions"}],"predecessor-version":[{"id":612,"href":"https:\/\/mediallabor.com.br\/blog\/wp-json\/wp\/v2\/posts\/610\/revisions\/612"}],"wp:featuredmedia":[{"embeddable":true,"href":"https:\/\/mediallabor.com.br\/blog\/wp-json\/wp\/v2\/media\/611"}],"wp:attachment":[{"href":"https:\/\/mediallabor.com.br\/blog\/wp-json\/wp\/v2\/media?parent=610"}],"wp:term":[{"taxonomy":"category","embeddable":true,"href":"https:\/\/mediallabor.com.br\/blog\/wp-json\/wp\/v2\/categories?post=610"},{"taxonomy":"post_tag","embeddable":true,"href":"https:\/\/mediallabor.com.br\/blog\/wp-json\/wp\/v2\/tags?post=610"}],"curies":[{"name":"wp","href":"https:\/\/api.w.org\/{rel}","templated":true}]}}