{"id":613,"date":"2026-01-19T18:30:22","date_gmt":"2026-01-19T18:30:22","guid":{"rendered":"https:\/\/mediallabor.com.br\/blog\/?p=613"},"modified":"2026-01-19T18:30:22","modified_gmt":"2026-01-19T18:30:22","slug":"cuidar-da-saude-vai-alem-dos-exames-acolhimento-orientacao-e-acompanhamento","status":"publish","type":"post","link":"https:\/\/mediallabor.com.br\/blog\/cuidar-da-saude-vai-alem-dos-exames-acolhimento-orientacao-e-acompanhamento\/","title":{"rendered":"Cuidar da sa\u00fade vai al\u00e9m dos exames: acolhimento, orienta\u00e7\u00e3o e acompanhamento"},"content":{"rendered":"\n<p>Quando falamos em sa\u00fade, muitas pessoas pensam apenas em exames e resultados.<br>Mas o cuidado verdadeiro vai al\u00e9m dos procedimentos t\u00e9cnicos. Ele envolve acolhimento, escuta, orienta\u00e7\u00e3o e confian\u00e7a.<\/p>\n\n\n\n<p>Sentir-se seguro durante esse processo faz toda a diferen\u00e7a.<\/p>\n\n\n\n<h2 class=\"wp-block-heading\" style=\"font-size:20px\"><strong><mark style=\"background-color:rgba(0, 0, 0, 0);color:#7a4488\" class=\"has-inline-color\"><strong><strong><strong><strong><strong><strong><strong><strong><strong><strong><strong><strong><strong>Sa\u00fade tamb\u00e9m \u00e9 acolhimento<\/strong><\/strong><\/strong><\/strong><\/strong><\/strong><\/strong><\/strong><\/strong><\/strong><\/strong><\/strong><\/strong><\/mark><\/strong><\/h2>\n\n\n\n<p>\u00c9 comum sentir inseguran\u00e7a, ansiedade ou at\u00e9 medo antes de realizar exames.<br>Esses sentimentos s\u00e3o naturais e fazem parte da experi\u00eancia de quem busca cuidar da pr\u00f3pria sa\u00fade.<\/p>\n\n\n\n<p>Um ambiente acolhedor, com profissionais preparados para explicar cada etapa com calma e respeito, ajuda a reduzir essa tens\u00e3o e torna o processo mais tranquilo.<\/p>\n\n\n\n<p class=\"has-medium-font-size\"><strong><mark style=\"background-color:rgba(0, 0, 0, 0);color:#7a4488\" class=\"has-inline-color\"><strong><strong><strong><strong><strong><strong><strong><strong><strong><strong><strong><strong>Informa\u00e7\u00e3o clara traz tranquilidade<\/strong><\/strong><\/strong><\/strong><\/strong><\/strong><\/strong><\/strong><\/strong><\/strong><\/strong><\/strong><\/mark><\/strong><\/p>\n\n\n\n<p>Entender por que um exame foi solicitado, como ele ser\u00e1 realizado e o que acontece depois reduz a ansiedade e fortalece a confian\u00e7a.<\/p>\n\n\n\n<p>A informa\u00e7\u00e3o clara e acess\u00edvel permite que o paciente participe ativamente do pr\u00f3prio cuidado, sem pressa ou press\u00e3o.<\/p>\n\n\n\n<p class=\"has-medium-font-size\"><strong><mark style=\"background-color:rgba(0, 0, 0, 0);color:#7a4488\" class=\"has-inline-color\"><strong><strong><strong><strong><strong><strong><strong><strong><strong><strong><strong><strong><strong>Acompanhamento ao longo do tempo<\/strong><\/strong><\/strong><\/strong><\/strong><\/strong><\/strong><\/strong><\/strong><\/strong><\/strong><\/strong><\/strong><\/mark><\/strong><\/p>\n\n\n\n<p>A rela\u00e7\u00e3o entre paciente, equipe de sa\u00fade e m\u00e9dico deve ser baseada na confian\u00e7a.<br>Quando h\u00e1 di\u00e1logo, respeito e orienta\u00e7\u00e3o adequada, o cuidado se torna mais humano e eficaz.<\/p>\n\n\n\n<p>Sentir-se ouvido \u00e9 parte essencial do processo de cuidar da sa\u00fade.<\/p>\n\n\n\n<p class=\"has-medium-font-size\"><strong><mark style=\"background-color:rgba(0, 0, 0, 0);color:#7a4488\" class=\"has-inline-color\"><strong><strong><strong><strong><strong><strong><strong><strong><strong><strong><strong><strong>Conclus\u00e3o<\/strong><\/strong><\/strong><\/strong><\/strong><\/strong><\/strong><\/strong><\/strong><\/strong><\/strong><\/strong><\/mark><\/strong><\/p>\n\n\n\n<p>Cuidar da sa\u00fade \u00e9 um compromisso com voc\u00ea mesmo.<br>Vai al\u00e9m de exames, envolve acolhimento, informa\u00e7\u00e3o e acompanhamento respons\u00e1vel.<\/p>\n\n\n\n<p>Procure sempre profissionais qualificados para orientar suas decis\u00f5es e manter sua sa\u00fade em dia, com tranquilidade e seguran\u00e7a.<br><br><strong>Na Medial Labor somos uma clinica m\u00e9dica localizada na Vila Sabrina zona norte de S\u00e3o Paulo, podemos esclarecer algumas d\u00favidas sobre sua sa\u00fade e te indicar para um especialista de sa\u00fade mental ! <a data-type=\"link\" data-id=\"https:\/\/api.whatsapp.com\/send?phone=5511976734825&amp;text=Ol%C3%A1,%20preciso%20de%20informa%C3%A7%C3%B5es.\" href=\"https:\/\/api.whatsapp.com\/send?phone=5511976734825&amp;text=Ol%C3%A1,%20preciso%20de%20informa%C3%A7%C3%B5es.\">Clique aqui<\/a> para falar conosco no Whatsapp ou ligue para nossa cl\u00ednica no telefone <a href=\"tel:01129870210\">(11) 2987-0210<\/a>. Sua sa\u00fade merece esse cuidado.<\/strong><\/p>\n\n\n\n<p><\/p>\n","protected":false},"excerpt":{"rendered":"<p>Quando falamos em sa\u00fade, muitas pessoas pensam apenas em exames e resultados.Mas o cuidado verdadeiro vai al\u00e9m dos procedimentos t\u00e9cnicos. Ele envolve acolhimento, escuta, orienta\u00e7\u00e3o e confian\u00e7a. Sentir-se seguro durante esse processo faz toda a diferen\u00e7a. Sa\u00fade tamb\u00e9m \u00e9 acolhimento \u00c9 comum sentir inseguran\u00e7a, ansiedade ou at\u00e9 medo antes de realizar exames.Esses sentimentos s\u00e3o naturais e fazem parte da experi\u00eancia de quem busca cuidar da pr\u00f3pria sa\u00fade. Um ambiente acolhedor, com profissionais preparados para explicar cada etapa com calma e respeito, ajuda a reduzir essa tens\u00e3o e torna o processo mais tranquilo. Informa\u00e7\u00e3o clara traz tranquilidade Entender por que um exame foi solicitado, como ele ser\u00e1 realizado e o que acontece depois reduz a ansiedade e fortalece a confian\u00e7a. A informa\u00e7\u00e3o clara e acess\u00edvel permite que o paciente participe ativamente do pr\u00f3prio cuidado, sem pressa ou press\u00e3o. Acompanhamento ao longo do tempo A rela\u00e7\u00e3o entre paciente, equipe de sa\u00fade e m\u00e9dico deve ser baseada na confian\u00e7a.Quando h\u00e1 di\u00e1logo, respeito e orienta\u00e7\u00e3o adequada, o cuidado se torna mais humano e eficaz. Sentir-se ouvido \u00e9 parte essencial do processo de cuidar da sa\u00fade. Conclus\u00e3o Cuidar da sa\u00fade \u00e9 um compromisso com voc\u00ea mesmo.Vai al\u00e9m de exames, envolve acolhimento, informa\u00e7\u00e3o e acompanhamento respons\u00e1vel. Procure sempre profissionais qualificados para orientar suas decis\u00f5es e manter sua sa\u00fade em dia, com tranquilidade e seguran\u00e7a. Na Medial Labor somos uma clinica m\u00e9dica localizada na Vila Sabrina zona norte de S\u00e3o Paulo, podemos esclarecer algumas d\u00favidas sobre sua sa\u00fade e te indicar para um especialista de sa\u00fade mental ! Clique aqui para falar conosco no Whatsapp ou ligue para nossa cl\u00ednica no telefone (11) 2987-0210. Sua sa\u00fade merece esse cuidado.<\/p>\n","protected":false},"author":1,"featured_media":614,"comment_status":"open","ping_status":"open","sticky":false,"template":"","format":"standard","meta":{"om_disable_all_campaigns":false,"_monsterinsights_skip_tracking":false,"_monsterinsights_sitenote_active":false,"_monsterinsights_sitenote_note":"","_monsterinsights_sitenote_category":0,"_uf_show_specific_survey":0,"_uf_disable_surveys":false,"footnotes":""},"categories":[6,7],"tags":[30,35,34],"class_list":["post-613","post","type-post","status-publish","format-standard","has-post-thumbnail","hentry","category-exames","category-saude","tag-exames-laboratoriais","tag-medial-labor","tag-vila-sabrina"],"aioseo_notices":[],"_links":{"self":[{"href":"https:\/\/mediallabor.com.br\/blog\/wp-json\/wp\/v2\/posts\/613","targetHints":{"allow":["GET"]}}],"collection":[{"href":"https:\/\/mediallabor.com.br\/blog\/wp-json\/wp\/v2\/posts"}],"about":[{"href":"https:\/\/mediallabor.com.br\/blog\/wp-json\/wp\/v2\/types\/post"}],"author":[{"embeddable":true,"href":"https:\/\/mediallabor.com.br\/blog\/wp-json\/wp\/v2\/users\/1"}],"replies":[{"embeddable":true,"href":"https:\/\/mediallabor.com.br\/blog\/wp-json\/wp\/v2\/comments?post=613"}],"version-history":[{"count":1,"href":"https:\/\/mediallabor.com.br\/blog\/wp-json\/wp\/v2\/posts\/613\/revisions"}],"predecessor-version":[{"id":615,"href":"https:\/\/mediallabor.com.br\/blog\/wp-json\/wp\/v2\/posts\/613\/revisions\/615"}],"wp:featuredmedia":[{"embeddable":true,"href":"https:\/\/mediallabor.com.br\/blog\/wp-json\/wp\/v2\/media\/614"}],"wp:attachment":[{"href":"https:\/\/mediallabor.com.br\/blog\/wp-json\/wp\/v2\/media?parent=613"}],"wp:term":[{"taxonomy":"category","embeddable":true,"href":"https:\/\/mediallabor.com.br\/blog\/wp-json\/wp\/v2\/categories?post=613"},{"taxonomy":"post_tag","embeddable":true,"href":"https:\/\/mediallabor.com.br\/blog\/wp-json\/wp\/v2\/tags?post=613"}],"curies":[{"name":"wp","href":"https:\/\/api.w.org\/{rel}","templated":true}]}}