{"id":617,"date":"2026-02-13T14:50:32","date_gmt":"2026-02-13T14:50:32","guid":{"rendered":"https:\/\/mediallabor.com.br\/blog\/?p=617"},"modified":"2026-02-13T14:50:32","modified_gmt":"2026-02-13T14:50:32","slug":"a-importancia-do-acompanhamento-medico-ao-longo-do-tempo","status":"publish","type":"post","link":"https:\/\/mediallabor.com.br\/blog\/a-importancia-do-acompanhamento-medico-ao-longo-do-tempo\/","title":{"rendered":"A import\u00e2ncia do acompanhamento m\u00e9dico ao longo do tempo"},"content":{"rendered":"\n<p>Cuidar da sa\u00fade vai muito al\u00e9m de procurar ajuda apenas quando algo n\u00e3o vai bem. O verdadeiro cuidado acontece ao longo do tempo, por meio do acompanhamento m\u00e9dico cont\u00ednuo, da observa\u00e7\u00e3o atenta do corpo e de decis\u00f5es tomadas com calma, informa\u00e7\u00e3o e responsabilidade.<\/p>\n\n\n\n<p>Muitas pessoas acreditam que estar saud\u00e1vel significa apenas \u201cn\u00e3o sentir nada\u201d. No entanto, o corpo humano est\u00e1 em constante mudan\u00e7a. Fatores como idade, rotina, alimenta\u00e7\u00e3o, estresse, sono e hist\u00f3rico familiar influenciam diretamente a sa\u00fade \u2014 muitas vezes de forma silenciosa. \u00c9 por isso que o acompanhamento m\u00e9dico regular \u00e9 t\u00e3o importante.<\/p>\n\n\n\n<h2 class=\"wp-block-heading\" style=\"font-size:20px\"><strong><mark style=\"background-color:rgba(0, 0, 0, 0);color:#7a4488\" class=\"has-inline-color\"><strong><strong><strong><strong><strong><strong><strong><strong><strong><strong><strong><strong><strong><strong>Sa\u00fade n\u00e3o \u00e9 um evento, \u00e9 um processo<\/strong><\/strong><\/strong><\/strong><\/strong><\/strong><\/strong><\/strong><\/strong><\/strong><\/strong><\/strong><\/strong><\/strong><\/mark><\/strong><\/h2>\n\n\n\n<p>A sa\u00fade n\u00e3o acontece em um \u00fanico momento. Ela \u00e9 constru\u00edda diariamente, ao longo dos anos. Pequenas altera\u00e7\u00f5es no organismo podem surgir de forma lenta e discreta, sem causar sintomas imediatos. Quando existe um acompanhamento m\u00e9dico ao longo do tempo, essas mudan\u00e7as podem ser percebidas com mais clareza.<\/p>\n\n\n\n<p>O m\u00e9dico que acompanha o paciente regularmente consegue enxergar al\u00e9m de n\u00fameros isolados. Ele analisa tend\u00eancias, compara resultados anteriores, observa comportamentos e considera o contexto de vida de cada pessoa. Esse olhar cont\u00ednuo torna o cuidado mais humano, preciso e seguro.<\/p>\n\n\n\n<p class=\"has-medium-font-size\"><strong><mark style=\"background-color:rgba(0, 0, 0, 0);color:#7a4488\" class=\"has-inline-color\"><strong><strong><strong><strong><strong><strong><strong><strong><strong><strong><strong><strong><strong>A import\u00e2ncia da interpreta\u00e7\u00e3o profissional<\/strong><\/strong><\/strong><\/strong><\/strong><\/strong><\/strong><\/strong><\/strong><\/strong><\/strong><\/strong><\/strong><\/mark><\/strong><\/p>\n\n\n\n<p>Exames, por si s\u00f3, n\u00e3o contam toda a hist\u00f3ria. Eles s\u00e3o ferramentas importantes, mas precisam ser interpretados por um profissional de sa\u00fade que conhe\u00e7a o hist\u00f3rico do paciente. Um mesmo resultado pode ter significados diferentes dependendo da idade, do estilo de vida, de condi\u00e7\u00f5es pr\u00e9-existentes e at\u00e9 do momento da vida em que a pessoa se encontra.<\/p>\n\n\n\n<p>Por isso, o acompanhamento m\u00e9dico \u00e9 essencial. Ele evita interpreta\u00e7\u00f5es precipitadas, reduz a ansiedade causada por informa\u00e7\u00f5es isoladas e garante que qualquer decis\u00e3o seja tomada com base em crit\u00e9rios cl\u00ednicos adequados.<\/p>\n\n\n\n<p class=\"has-medium-font-size\"><strong><mark style=\"background-color:rgba(0, 0, 0, 0);color:#7a4488\" class=\"has-inline-color\"><strong><strong><strong><strong><strong><strong><strong><strong><strong><strong><strong><strong><strong><strong>Rela\u00e7\u00e3o m\u00e9dico\u2013paciente: confian\u00e7a que protege<\/strong><\/strong><\/strong><\/strong><\/strong><\/strong><\/strong><\/strong><\/strong><\/strong><\/strong><\/strong><\/strong><\/strong><\/mark><\/strong><\/p>\n\n\n\n<p>Quando existe continuidade no cuidado, cria-se uma rela\u00e7\u00e3o de confian\u00e7a entre m\u00e9dico e paciente. Essa rela\u00e7\u00e3o \u00e9 fundamental para que o paciente se sinta \u00e0 vontade para relatar sintomas, d\u00favidas, medos e mudan\u00e7as percebidas no pr\u00f3prio corpo.<\/p>\n\n\n\n<p>Essa troca fortalece o cuidado preventivo, pois muitas vezes sinais importantes surgem em conversas simples, antes mesmo de aparecerem em exames. O acompanhamento permite um cuidado mais pr\u00f3ximo, respeitoso e individualizado.<\/p>\n\n\n\n<p class=\"has-medium-font-size\"><strong><mark style=\"background-color:rgba(0, 0, 0, 0);color:#7a4488\" class=\"has-inline-color\"><strong><strong><strong><strong><strong><strong><strong><strong><strong><strong><strong><strong><strong><strong><strong>Acompanhamento tamb\u00e9m \u00e9 preven\u00e7\u00e3o<\/strong><\/strong><\/strong><\/strong><\/strong><\/strong><\/strong><\/strong><\/strong><\/strong><\/strong><\/strong><\/strong><\/strong><\/strong><\/mark><\/strong><\/p>\n\n\n\n<p>Prevenir n\u00e3o significa apenas evitar doen\u00e7as, mas tamb\u00e9m acompanhar a sa\u00fade de forma consciente. O acompanhamento m\u00e9dico ajuda a orientar h\u00e1bitos, ajustar rotinas e identificar necessidades espec\u00edficas ao longo da vida.<\/p>\n\n\n\n<p>Com esse suporte, o paciente deixa de agir apenas de forma reativa e passa a cuidar da sa\u00fade com mais tranquilidade e planejamento. Isso reduz riscos, evita interven\u00e7\u00f5es desnecess\u00e1rias e promove mais qualidade de vida.<\/p>\n\n\n\n<p class=\"has-medium-font-size\"><strong><mark style=\"background-color:rgba(0, 0, 0, 0);color:#7a4488\" class=\"has-inline-color\"><strong><strong><strong><strong><strong><strong><strong><strong><strong><strong><strong><strong><strong><strong><strong><strong>Tranquilidade para viver melhor<\/strong><\/strong><\/strong><\/strong><\/strong><\/strong><\/strong><\/strong><\/strong><\/strong><\/strong><\/strong><\/strong><\/strong><\/strong><\/strong><\/mark><\/strong><\/p>\n\n\n\n<p>Saber que sua sa\u00fade est\u00e1 sendo acompanhada gera seguran\u00e7a. O acompanhamento m\u00e9dico cont\u00ednuo diminui a incerteza, ajuda a organizar cuidados e traz mais clareza sobre o pr\u00f3prio corpo.<\/p>\n\n\n\n<p>Cuidar da sa\u00fade n\u00e3o precisa ser motivo de medo. Com orienta\u00e7\u00e3o adequada e acompanhamento respons\u00e1vel, o cuidado se torna um aliado da tranquilidade e do bem-estar.<\/p>\n\n\n\n<p class=\"has-medium-font-size\"><strong><mark style=\"background-color:rgba(0, 0, 0, 0);color:#7a4488\" class=\"has-inline-color\"><strong><strong><strong><strong><strong><strong><strong><strong><strong><strong><strong><strong>Conclus\u00e3o<\/strong><\/strong><\/strong><\/strong><\/strong><\/strong><\/strong><\/strong><\/strong><\/strong><\/strong><\/strong><\/mark><\/strong><\/p>\n\n\n\n<p>O acompanhamento m\u00e9dico ao longo do tempo \u00e9 uma forma de cuidado que respeita o ritmo do corpo e a individualidade de cada pessoa. Ele promove decis\u00f5es mais seguras, fortalece a preven\u00e7\u00e3o e contribui para uma vida mais equilibrada e consciente.<\/p>\n\n\n\n<p>Cuidar da sa\u00fade \u00e9 um caminho e caminhar acompanhado faz toda a diferen\u00e7a.<br><br><strong>Na Medial Labor somos uma clinica m\u00e9dica localizada na Vila Sabrina zona norte de S\u00e3o Paulo, podemos esclarecer algumas d\u00favidas sobre sua sa\u00fade e te indicar para um especialista de sa\u00fade mental ! <a data-type=\"link\" data-id=\"https:\/\/api.whatsapp.com\/send?phone=5511976734825&amp;text=Ol%C3%A1,%20preciso%20de%20informa%C3%A7%C3%B5es.\" href=\"https:\/\/api.whatsapp.com\/send?phone=5511976734825&amp;text=Ol%C3%A1,%20preciso%20de%20informa%C3%A7%C3%B5es.\">Clique aqui<\/a> para falar conosco no Whatsapp ou ligue para nossa cl\u00ednica no telefone <a href=\"tel:01129870210\">(11) 2987-0210<\/a>. Sua sa\u00fade merece esse cuidado.<\/strong><\/p>\n\n\n\n<p><\/p>\n","protected":false},"excerpt":{"rendered":"<p>Cuidar da sa\u00fade vai muito al\u00e9m de procurar ajuda apenas quando algo n\u00e3o vai bem. O verdadeiro cuidado acontece ao longo do tempo, por meio do acompanhamento m\u00e9dico cont\u00ednuo, da observa\u00e7\u00e3o atenta do corpo e de decis\u00f5es tomadas com calma, informa\u00e7\u00e3o e responsabilidade. Muitas pessoas acreditam que estar saud\u00e1vel significa apenas \u201cn\u00e3o sentir nada\u201d. No entanto, o corpo humano est\u00e1 em constante mudan\u00e7a. Fatores como idade, rotina, alimenta\u00e7\u00e3o, estresse, sono e hist\u00f3rico familiar influenciam diretamente a sa\u00fade \u2014 muitas vezes de forma silenciosa. \u00c9 por isso que o acompanhamento m\u00e9dico regular \u00e9 t\u00e3o importante. Sa\u00fade n\u00e3o \u00e9 um evento, \u00e9 um processo A sa\u00fade n\u00e3o acontece em um \u00fanico momento. Ela \u00e9 constru\u00edda diariamente, ao longo dos anos. Pequenas altera\u00e7\u00f5es no organismo podem surgir de forma lenta e discreta, sem causar sintomas imediatos. Quando existe um acompanhamento m\u00e9dico ao longo do tempo, essas mudan\u00e7as podem ser percebidas com mais clareza. O m\u00e9dico que acompanha o paciente regularmente consegue enxergar al\u00e9m de n\u00fameros isolados. Ele analisa tend\u00eancias, compara resultados anteriores, observa comportamentos e considera o contexto de vida de cada pessoa. Esse olhar cont\u00ednuo torna o cuidado mais humano, preciso e seguro. A import\u00e2ncia da interpreta\u00e7\u00e3o profissional Exames, por si s\u00f3, n\u00e3o contam toda a hist\u00f3ria. Eles s\u00e3o ferramentas importantes, mas precisam ser interpretados por um profissional de sa\u00fade que conhe\u00e7a o hist\u00f3rico do paciente. Um mesmo resultado pode ter significados diferentes dependendo da idade, do estilo de vida, de condi\u00e7\u00f5es pr\u00e9-existentes e at\u00e9 do momento da vida em que a pessoa se encontra. Por isso, o acompanhamento m\u00e9dico \u00e9 essencial. Ele evita interpreta\u00e7\u00f5es precipitadas, reduz a ansiedade causada por informa\u00e7\u00f5es isoladas e garante que qualquer decis\u00e3o seja tomada com base em crit\u00e9rios cl\u00ednicos adequados. Rela\u00e7\u00e3o m\u00e9dico\u2013paciente: confian\u00e7a que protege Quando existe continuidade no cuidado, cria-se uma rela\u00e7\u00e3o de confian\u00e7a entre m\u00e9dico e paciente. Essa rela\u00e7\u00e3o \u00e9 fundamental para que o paciente se sinta \u00e0 vontade para relatar sintomas, d\u00favidas, medos e mudan\u00e7as percebidas no pr\u00f3prio corpo. Essa troca fortalece o cuidado preventivo, pois muitas vezes sinais importantes surgem em conversas simples, antes mesmo de aparecerem em exames. O acompanhamento permite um cuidado mais pr\u00f3ximo, respeitoso e individualizado. Acompanhamento tamb\u00e9m \u00e9 preven\u00e7\u00e3o Prevenir n\u00e3o significa apenas evitar doen\u00e7as, mas tamb\u00e9m acompanhar a sa\u00fade de forma consciente. O acompanhamento m\u00e9dico ajuda a orientar h\u00e1bitos, ajustar rotinas e identificar necessidades espec\u00edficas ao longo da vida. Com esse suporte, o paciente deixa de agir apenas de forma reativa e passa a cuidar da sa\u00fade com mais tranquilidade e planejamento. Isso reduz riscos, evita interven\u00e7\u00f5es desnecess\u00e1rias e promove mais qualidade de vida. Tranquilidade para viver melhor Saber que sua sa\u00fade est\u00e1 sendo acompanhada gera seguran\u00e7a. O acompanhamento m\u00e9dico cont\u00ednuo diminui a incerteza, ajuda a organizar cuidados e traz mais clareza sobre o pr\u00f3prio corpo. Cuidar da sa\u00fade n\u00e3o precisa ser motivo de medo. Com orienta\u00e7\u00e3o adequada e acompanhamento respons\u00e1vel, o cuidado se torna um aliado da tranquilidade e do bem-estar. Conclus\u00e3o O acompanhamento m\u00e9dico ao longo do tempo \u00e9 uma forma de cuidado que respeita o ritmo do corpo e a individualidade de cada pessoa. Ele promove decis\u00f5es mais seguras, fortalece a preven\u00e7\u00e3o e contribui para uma vida mais equilibrada e consciente. Cuidar da sa\u00fade \u00e9 um caminho e caminhar acompanhado faz toda a diferen\u00e7a. Na Medial Labor somos uma clinica m\u00e9dica localizada na Vila Sabrina zona norte de S\u00e3o Paulo, podemos esclarecer algumas d\u00favidas sobre sua sa\u00fade e te indicar para um especialista de sa\u00fade mental ! Clique aqui para falar conosco no Whatsapp ou ligue para nossa cl\u00ednica no telefone (11) 2987-0210. Sua sa\u00fade merece esse cuidado.<\/p>\n","protected":false},"author":1,"featured_media":618,"comment_status":"open","ping_status":"open","sticky":false,"template":"","format":"standard","meta":{"om_disable_all_campaigns":false,"_monsterinsights_skip_tracking":false,"_monsterinsights_sitenote_active":false,"_monsterinsights_sitenote_note":"","_monsterinsights_sitenote_category":0,"_uf_show_specific_survey":0,"_uf_disable_surveys":false,"footnotes":""},"categories":[6,7],"tags":[30,35,34],"class_list":["post-617","post","type-post","status-publish","format-standard","has-post-thumbnail","hentry","category-exames","category-saude","tag-exames-laboratoriais","tag-medial-labor","tag-vila-sabrina"],"aioseo_notices":[],"_links":{"self":[{"href":"https:\/\/mediallabor.com.br\/blog\/wp-json\/wp\/v2\/posts\/617","targetHints":{"allow":["GET"]}}],"collection":[{"href":"https:\/\/mediallabor.com.br\/blog\/wp-json\/wp\/v2\/posts"}],"about":[{"href":"https:\/\/mediallabor.com.br\/blog\/wp-json\/wp\/v2\/types\/post"}],"author":[{"embeddable":true,"href":"https:\/\/mediallabor.com.br\/blog\/wp-json\/wp\/v2\/users\/1"}],"replies":[{"embeddable":true,"href":"https:\/\/mediallabor.com.br\/blog\/wp-json\/wp\/v2\/comments?post=617"}],"version-history":[{"count":1,"href":"https:\/\/mediallabor.com.br\/blog\/wp-json\/wp\/v2\/posts\/617\/revisions"}],"predecessor-version":[{"id":619,"href":"https:\/\/mediallabor.com.br\/blog\/wp-json\/wp\/v2\/posts\/617\/revisions\/619"}],"wp:featuredmedia":[{"embeddable":true,"href":"https:\/\/mediallabor.com.br\/blog\/wp-json\/wp\/v2\/media\/618"}],"wp:attachment":[{"href":"https:\/\/mediallabor.com.br\/blog\/wp-json\/wp\/v2\/media?parent=617"}],"wp:term":[{"taxonomy":"category","embeddable":true,"href":"https:\/\/mediallabor.com.br\/blog\/wp-json\/wp\/v2\/categories?post=617"},{"taxonomy":"post_tag","embeddable":true,"href":"https:\/\/mediallabor.com.br\/blog\/wp-json\/wp\/v2\/tags?post=617"}],"curies":[{"name":"wp","href":"https:\/\/api.w.org\/{rel}","templated":true}]}}