{"id":620,"date":"2026-02-13T14:55:21","date_gmt":"2026-02-13T14:55:21","guid":{"rendered":"https:\/\/mediallabor.com.br\/blog\/?p=620"},"modified":"2026-02-13T14:55:22","modified_gmt":"2026-02-13T14:55:22","slug":"prevencao-continua-por-que-cuidar-da-saude-nao-deve-ser-pontual","status":"publish","type":"post","link":"https:\/\/mediallabor.com.br\/blog\/prevencao-continua-por-que-cuidar-da-saude-nao-deve-ser-pontual\/","title":{"rendered":"Preven\u00e7\u00e3o cont\u00ednua: por que cuidar da sa\u00fade n\u00e3o deve ser pontual"},"content":{"rendered":"\n<p>Muitas pessoas s\u00f3 pensam em sa\u00fade quando surge um sintoma ou um desconforto. No entanto, o cuidado verdadeiro come\u00e7a antes disso. A preven\u00e7\u00e3o cont\u00ednua \u00e9 uma forma de aten\u00e7\u00e3o constante ao corpo, que permite viver com mais seguran\u00e7a, previsibilidade e tranquilidade.<\/p>\n\n\n\n<p>Cuidar da sa\u00fade de maneira pontual pode gerar decis\u00f5es apressadas e aumentar a ansiedade. J\u00e1 o cuidado cont\u00ednuo promove equil\u00edbrio, organiza\u00e7\u00e3o e uma rela\u00e7\u00e3o mais consciente com o pr\u00f3prio corpo.<\/p>\n\n\n\n<h2 class=\"wp-block-heading\" style=\"font-size:20px\"><strong><mark style=\"background-color:rgba(0, 0, 0, 0);color:#7a4488\" class=\"has-inline-color\"><strong><strong><strong><strong><strong><strong><strong><strong><strong><strong><strong><strong><strong><strong><strong>Preven\u00e7\u00e3o n\u00e3o \u00e9 medo, \u00e9 cuidado<\/strong><\/strong><\/strong><\/strong><\/strong><\/strong><\/strong><\/strong><\/strong><\/strong><\/strong><\/strong><\/strong><\/strong><\/strong><\/mark><\/strong><\/h2>\n\n\n\n<p>Existe um equ\u00edvoco comum de associar preven\u00e7\u00e3o ao medo de descobrir problemas. Na realidade, prevenir \u00e9 cuidar com responsabilidade. A preven\u00e7\u00e3o cont\u00ednua permite acompanhar a sa\u00fade ao longo do tempo, identificar mudan\u00e7as gradualmente e agir com mais serenidade quando necess\u00e1rio.<\/p>\n\n\n\n<p>Quando o cuidado \u00e9 regular, o corpo deixa de ser um mist\u00e9rio. O paciente passa a se conhecer melhor e a compreender seus pr\u00f3prios sinais.<\/p>\n\n\n\n<p class=\"has-medium-font-size\"><strong><mark style=\"background-color:rgba(0, 0, 0, 0);color:#7a4488\" class=\"has-inline-color\"><strong><strong><strong><strong><strong><strong><strong><strong><strong><strong><strong><strong><strong><strong>A import\u00e2ncia dos exames preventivos no acompanhamento<\/strong><\/strong><\/strong><\/strong><\/strong><\/strong><\/strong><\/strong><\/strong><\/strong><\/strong><\/strong><\/strong><\/strong><\/mark><\/strong><\/p>\n\n\n\n<p>Os exames preventivos fazem parte desse processo de cuidado cont\u00ednuo. Eles ajudam a observar como o organismo se comporta ao longo do tempo, oferecendo informa\u00e7\u00f5es importantes para o m\u00e9dico orientar o paciente de forma adequada.<\/p>\n\n\n\n<p>O valor da preven\u00e7\u00e3o est\u00e1 justamente na compara\u00e7\u00e3o e no acompanhamento, e n\u00e3o em an\u00e1lises isoladas. Com o tempo, esse hist\u00f3rico se transforma em um aliado poderoso da sa\u00fade.<\/p>\n\n\n\n<p class=\"has-medium-font-size\"><strong><mark style=\"background-color:rgba(0, 0, 0, 0);color:#7a4488\" class=\"has-inline-color\"><strong><strong><strong><strong><strong><strong><strong><strong><strong><strong><strong><strong><strong><strong><strong>Sa\u00fade como um processo ao longo da vida<\/strong><\/strong><\/strong><\/strong><\/strong><\/strong><\/strong><\/strong><\/strong><\/strong><\/strong><\/strong><\/strong><\/strong><\/strong><\/mark><\/strong><\/p>\n\n\n\n<p>A sa\u00fade muda conforme as fases da vida. O que \u00e9 normal em um per\u00edodo pode n\u00e3o ser em outro. Por isso, cuidar da sa\u00fade de forma cont\u00ednua permite ajustes naturais e necess\u00e1rios, sempre com orienta\u00e7\u00e3o profissional.<\/p>\n\n\n\n<p>Esse cuidado progressivo evita extremos: nem descuido, nem excesso. Ele promove equil\u00edbrio, escuta e respeito ao pr\u00f3prio corpo.<\/p>\n\n\n\n<p class=\"has-medium-font-size\"><strong><mark style=\"background-color:rgba(0, 0, 0, 0);color:#7a4488\" class=\"has-inline-color\"><strong><strong><strong><strong><strong><strong><strong><strong><strong><strong><strong><strong><strong><strong><strong><strong>Tranquilidade e seguran\u00e7a no dia a dia<\/strong><\/strong><\/strong><\/strong><\/strong><\/strong><\/strong><\/strong><\/strong><\/strong><\/strong><\/strong><\/strong><\/strong><\/strong><\/strong><\/mark><\/strong><\/p>\n\n\n\n<p>Quando a preven\u00e7\u00e3o faz parte da rotina, o cuidado deixa de ser motivo de preocupa\u00e7\u00e3o constante. O paciente sabe que est\u00e1 atento, orientado e amparado por profissionais de sa\u00fade.<\/p>\n\n\n\n<p>Essa sensa\u00e7\u00e3o de seguran\u00e7a impacta diretamente a qualidade de vida, reduzindo estresse e promovendo bem-estar f\u00edsico e emocional.<\/p>\n\n\n\n<p class=\"has-medium-font-size\"><strong><mark style=\"background-color:rgba(0, 0, 0, 0);color:#7a4488\" class=\"has-inline-color\"><strong><strong><strong><strong><strong><strong><strong><strong><strong><strong><strong><strong><strong><strong><strong><strong><strong>O papel do paciente no cuidado cont\u00ednuo<\/strong><\/strong><\/strong><\/strong><\/strong><\/strong><\/strong><\/strong><\/strong><\/strong><\/strong><\/strong><\/strong><\/strong><\/strong><\/strong><\/strong><\/mark><\/strong><\/p>\n\n\n\n<p>A preven\u00e7\u00e3o cont\u00ednua tamb\u00e9m envolve participa\u00e7\u00e3o ativa. Observar o corpo, comunicar mudan\u00e7as, manter acompanhamento m\u00e9dico e buscar orienta\u00e7\u00e3o quando necess\u00e1rio s\u00e3o atitudes que fortalecem o cuidado.<\/p>\n\n\n\n<p>N\u00e3o se trata de vigil\u00e2ncia excessiva, mas de aten\u00e7\u00e3o consciente. Pequenos h\u00e1bitos, quando mantidos ao longo do tempo, geram grandes benef\u00edcios.<\/p>\n\n\n\n<p class=\"has-medium-font-size\"><strong><mark style=\"background-color:rgba(0, 0, 0, 0);color:#7a4488\" class=\"has-inline-color\"><strong><strong><strong><strong><strong><strong><strong><strong><strong><strong><strong><strong><strong><strong><strong><strong><strong><strong>Cuidado que acolhe e orienta<\/strong><\/strong><\/strong><\/strong><\/strong><\/strong><\/strong><\/strong><\/strong><\/strong><\/strong><\/strong><\/strong><\/strong><\/strong><\/strong><\/strong><\/strong><\/mark><\/strong><\/p>\n\n\n\n<p>O cuidado preventivo precisa ser acolhedor. Informa\u00e7\u00e3o clara, orienta\u00e7\u00e3o respons\u00e1vel e acompanhamento humano fazem toda a diferen\u00e7a para que o paciente se sinta seguro e confiante.<\/p>\n\n\n\n<p>A sa\u00fade n\u00e3o deve ser tratada com press\u00e3o ou alarmismo, mas com empatia, escuta e responsabilidade.<\/p>\n\n\n\n<p class=\"has-medium-font-size\"><strong><mark style=\"background-color:rgba(0, 0, 0, 0);color:#7a4488\" class=\"has-inline-color\"><strong><strong><strong><strong><strong><strong><strong><strong><strong><strong><strong><strong>Conclus\u00e3o<\/strong><\/strong><\/strong><\/strong><\/strong><\/strong><\/strong><\/strong><\/strong><\/strong><\/strong><\/strong><\/mark><\/strong><\/p>\n\n\n\n<p>Cuidar da sa\u00fade n\u00e3o deve ser uma a\u00e7\u00e3o isolada, mas um compromisso cont\u00ednuo consigo mesmo. A preven\u00e7\u00e3o ao longo do tempo promove tranquilidade, seguran\u00e7a e decis\u00f5es mais conscientes.<\/p>\n\n\n\n<p>Prevenir \u00e9 cuidar com const\u00e2ncia e esse cuidado acompanha voc\u00ea em todas as fases da vida.<br><br><strong>Na Medial Labor somos uma clinica m\u00e9dica localizada na Vila Sabrina zona norte de S\u00e3o Paulo, podemos esclarecer algumas d\u00favidas sobre sua sa\u00fade e te indicar para um especialista de sa\u00fade mental ! <a data-type=\"link\" data-id=\"https:\/\/api.whatsapp.com\/send?phone=5511976734825&amp;text=Ol%C3%A1,%20preciso%20de%20informa%C3%A7%C3%B5es.\" href=\"https:\/\/api.whatsapp.com\/send?phone=5511976734825&amp;text=Ol%C3%A1,%20preciso%20de%20informa%C3%A7%C3%B5es.\">Clique aqui<\/a> para falar conosco no Whatsapp ou ligue para nossa cl\u00ednica no telefone <a href=\"tel:01129870210\">(11) 2987-0210<\/a>. Sua sa\u00fade merece esse cuidado.<\/strong><\/p>\n\n\n\n<p><\/p>\n","protected":false},"excerpt":{"rendered":"<p>Muitas pessoas s\u00f3 pensam em sa\u00fade quando surge um sintoma ou um desconforto. No entanto, o cuidado verdadeiro come\u00e7a antes disso. A preven\u00e7\u00e3o cont\u00ednua \u00e9 uma forma de aten\u00e7\u00e3o constante ao corpo, que permite viver com mais seguran\u00e7a, previsibilidade e tranquilidade. Cuidar da sa\u00fade de maneira pontual pode gerar decis\u00f5es apressadas e aumentar a ansiedade. J\u00e1 o cuidado cont\u00ednuo promove equil\u00edbrio, organiza\u00e7\u00e3o e uma rela\u00e7\u00e3o mais consciente com o pr\u00f3prio corpo. Preven\u00e7\u00e3o n\u00e3o \u00e9 medo, \u00e9 cuidado Existe um equ\u00edvoco comum de associar preven\u00e7\u00e3o ao medo de descobrir problemas. Na realidade, prevenir \u00e9 cuidar com responsabilidade. A preven\u00e7\u00e3o cont\u00ednua permite acompanhar a sa\u00fade ao longo do tempo, identificar mudan\u00e7as gradualmente e agir com mais serenidade quando necess\u00e1rio. Quando o cuidado \u00e9 regular, o corpo deixa de ser um mist\u00e9rio. O paciente passa a se conhecer melhor e a compreender seus pr\u00f3prios sinais. A import\u00e2ncia dos exames preventivos no acompanhamento Os exames preventivos fazem parte desse processo de cuidado cont\u00ednuo. Eles ajudam a observar como o organismo se comporta ao longo do tempo, oferecendo informa\u00e7\u00f5es importantes para o m\u00e9dico orientar o paciente de forma adequada. O valor da preven\u00e7\u00e3o est\u00e1 justamente na compara\u00e7\u00e3o e no acompanhamento, e n\u00e3o em an\u00e1lises isoladas. Com o tempo, esse hist\u00f3rico se transforma em um aliado poderoso da sa\u00fade. Sa\u00fade como um processo ao longo da vida A sa\u00fade muda conforme as fases da vida. O que \u00e9 normal em um per\u00edodo pode n\u00e3o ser em outro. Por isso, cuidar da sa\u00fade de forma cont\u00ednua permite ajustes naturais e necess\u00e1rios, sempre com orienta\u00e7\u00e3o profissional. Esse cuidado progressivo evita extremos: nem descuido, nem excesso. Ele promove equil\u00edbrio, escuta e respeito ao pr\u00f3prio corpo. Tranquilidade e seguran\u00e7a no dia a dia Quando a preven\u00e7\u00e3o faz parte da rotina, o cuidado deixa de ser motivo de preocupa\u00e7\u00e3o constante. O paciente sabe que est\u00e1 atento, orientado e amparado por profissionais de sa\u00fade. Essa sensa\u00e7\u00e3o de seguran\u00e7a impacta diretamente a qualidade de vida, reduzindo estresse e promovendo bem-estar f\u00edsico e emocional. O papel do paciente no cuidado cont\u00ednuo A preven\u00e7\u00e3o cont\u00ednua tamb\u00e9m envolve participa\u00e7\u00e3o ativa. Observar o corpo, comunicar mudan\u00e7as, manter acompanhamento m\u00e9dico e buscar orienta\u00e7\u00e3o quando necess\u00e1rio s\u00e3o atitudes que fortalecem o cuidado. N\u00e3o se trata de vigil\u00e2ncia excessiva, mas de aten\u00e7\u00e3o consciente. Pequenos h\u00e1bitos, quando mantidos ao longo do tempo, geram grandes benef\u00edcios. Cuidado que acolhe e orienta O cuidado preventivo precisa ser acolhedor. Informa\u00e7\u00e3o clara, orienta\u00e7\u00e3o respons\u00e1vel e acompanhamento humano fazem toda a diferen\u00e7a para que o paciente se sinta seguro e confiante. A sa\u00fade n\u00e3o deve ser tratada com press\u00e3o ou alarmismo, mas com empatia, escuta e responsabilidade. Conclus\u00e3o Cuidar da sa\u00fade n\u00e3o deve ser uma a\u00e7\u00e3o isolada, mas um compromisso cont\u00ednuo consigo mesmo. A preven\u00e7\u00e3o ao longo do tempo promove tranquilidade, seguran\u00e7a e decis\u00f5es mais conscientes. Prevenir \u00e9 cuidar com const\u00e2ncia e esse cuidado acompanha voc\u00ea em todas as fases da vida. Na Medial Labor somos uma clinica m\u00e9dica localizada na Vila Sabrina zona norte de S\u00e3o Paulo, podemos esclarecer algumas d\u00favidas sobre sua sa\u00fade e te indicar para um especialista de sa\u00fade mental ! Clique aqui para falar conosco no Whatsapp ou ligue para nossa cl\u00ednica no telefone (11) 2987-0210. Sua sa\u00fade merece esse cuidado.<\/p>\n","protected":false},"author":1,"featured_media":621,"comment_status":"open","ping_status":"open","sticky":false,"template":"","format":"standard","meta":{"om_disable_all_campaigns":false,"_monsterinsights_skip_tracking":false,"_monsterinsights_sitenote_active":false,"_monsterinsights_sitenote_note":"","_monsterinsights_sitenote_category":0,"_uf_show_specific_survey":0,"_uf_disable_surveys":false,"footnotes":""},"categories":[6,7],"tags":[30,35,34],"class_list":["post-620","post","type-post","status-publish","format-standard","has-post-thumbnail","hentry","category-exames","category-saude","tag-exames-laboratoriais","tag-medial-labor","tag-vila-sabrina"],"aioseo_notices":[],"_links":{"self":[{"href":"https:\/\/mediallabor.com.br\/blog\/wp-json\/wp\/v2\/posts\/620","targetHints":{"allow":["GET"]}}],"collection":[{"href":"https:\/\/mediallabor.com.br\/blog\/wp-json\/wp\/v2\/posts"}],"about":[{"href":"https:\/\/mediallabor.com.br\/blog\/wp-json\/wp\/v2\/types\/post"}],"author":[{"embeddable":true,"href":"https:\/\/mediallabor.com.br\/blog\/wp-json\/wp\/v2\/users\/1"}],"replies":[{"embeddable":true,"href":"https:\/\/mediallabor.com.br\/blog\/wp-json\/wp\/v2\/comments?post=620"}],"version-history":[{"count":1,"href":"https:\/\/mediallabor.com.br\/blog\/wp-json\/wp\/v2\/posts\/620\/revisions"}],"predecessor-version":[{"id":622,"href":"https:\/\/mediallabor.com.br\/blog\/wp-json\/wp\/v2\/posts\/620\/revisions\/622"}],"wp:featuredmedia":[{"embeddable":true,"href":"https:\/\/mediallabor.com.br\/blog\/wp-json\/wp\/v2\/media\/621"}],"wp:attachment":[{"href":"https:\/\/mediallabor.com.br\/blog\/wp-json\/wp\/v2\/media?parent=620"}],"wp:term":[{"taxonomy":"category","embeddable":true,"href":"https:\/\/mediallabor.com.br\/blog\/wp-json\/wp\/v2\/categories?post=620"},{"taxonomy":"post_tag","embeddable":true,"href":"https:\/\/mediallabor.com.br\/blog\/wp-json\/wp\/v2\/tags?post=620"}],"curies":[{"name":"wp","href":"https:\/\/api.w.org\/{rel}","templated":true}]}}