{"id":624,"date":"2026-04-13T13:14:09","date_gmt":"2026-04-13T13:14:09","guid":{"rendered":"https:\/\/mediallabor.com.br\/blog\/?p=624"},"modified":"2026-04-13T13:14:09","modified_gmt":"2026-04-13T13:14:09","slug":"voce-sente-que-seu-corpo-esta-sempre-cansado","status":"publish","type":"post","link":"https:\/\/mediallabor.com.br\/blog\/voce-sente-que-seu-corpo-esta-sempre-cansado\/","title":{"rendered":"Voc\u00ea sente que seu corpo est\u00e1 sempre cansado?"},"content":{"rendered":"\n<p>Tem gente que acorda cansado.<br>Trabalha cansado.<br>E termina o dia ainda mais cansado.<br><br>No come\u00e7o, parece s\u00f3 parte da rotina.<br>Mas com o tempo, o corpo come\u00e7a a dar sinais mais claros:<\/p>\n\n\n\n<ul class=\"wp-block-list\">\n<li>dor nas costas<\/li>\n\n\n\n<li>tens\u00e3o no pesco\u00e7o<\/li>\n\n\n\n<li>fadiga constante<\/li>\n\n\n\n<li>sensa\u00e7\u00e3o de desgaste f\u00edsico e mental<\/li>\n<\/ul>\n\n\n\n<p>E mesmo assim, muita gente continua dizendo:<br>\u201c\u00c9 normal\u2026 faz parte.\u201d<\/p>\n\n\n\n<p>Mas ser\u00e1 que faz mesmo?<\/p>\n\n\n\n<h2 class=\"wp-block-heading\" style=\"font-size:20px\"><strong><mark style=\"background-color:rgba(0, 0, 0, 0);color:#7a4488\" class=\"has-inline-color\"><strong><strong><strong><strong><strong><strong><strong><strong><strong><strong><strong><strong><strong><strong><strong><strong>Nem todo cansa\u00e7o \u00e9 s\u00f3 cansa\u00e7o<\/strong><\/strong><\/strong><\/strong><\/strong><\/strong><\/strong><\/strong><\/strong><\/strong><\/strong><\/strong><\/strong><\/strong><\/strong><\/strong><\/mark><\/strong><\/h2>\n\n\n\n<p>O corpo fala e quase sempre antes de algo mais s\u00e9rio acontecer.<br>O problema \u00e9 que, na correria do dia a dia, a gente aprende a ignorar.<br>Vai se adaptando:<\/p>\n\n\n\n<ul class=\"wp-block-list\">\n<li>muda a postura pra aliviar a dor<br><\/li>\n\n\n\n<li>toma algo pra continuar o dia<br><\/li>\n\n\n\n<li>empurra mais uma semana<\/li>\n<\/ul>\n\n\n\n<p>At\u00e9 que aquilo que era leve\u2026 vira constante.<br>E o que era constante\u2026 come\u00e7a a impactar sua qualidade de vida.<\/p>\n\n\n\n<p class=\"has-medium-font-size\"><strong><mark style=\"background-color:rgba(0, 0, 0, 0);color:#7a4488\" class=\"has-inline-color\"><strong><strong><strong><strong><strong><strong><strong><strong><strong><strong><strong><strong><strong><strong><strong>Trabalho n\u00e3o deveria custar sua sa\u00fade<\/strong><\/strong><\/strong><\/strong><\/strong><\/strong><\/strong><\/strong><\/strong><\/strong><\/strong><\/strong><\/strong><\/strong><\/strong><\/mark><\/strong><\/p>\n\n\n\n<p>Independentemente da sua rotina sentado, em p\u00e9, carregando peso ou lidando com press\u00e3o o seu corpo precisa de equil\u00edbrio.<\/p>\n\n\n\n<p>Quando isso n\u00e3o acontece, o desgaste aparece.<\/p>\n\n\n\n<p>E n\u00e3o \u00e9 s\u00f3 f\u00edsico.<\/p>\n\n\n\n<p>O cansa\u00e7o tamb\u00e9m afeta:<\/p>\n\n\n\n<ul class=\"wp-block-list\">\n<li>seu humor<br><\/li>\n\n\n\n<li>sua paci\u00eancia<br><\/li>\n\n\n\n<li>sua disposi\u00e7\u00e3o<br><\/li>\n\n\n\n<li>at\u00e9 sua motiva\u00e7\u00e3o<\/li>\n<\/ul>\n\n\n\n<p>Cuidar da sa\u00fade no trabalho n\u00e3o \u00e9 luxo.<br>\u00c9 necessidade.<\/p>\n\n\n\n<p class=\"has-medium-font-size\"><strong><mark style=\"background-color:rgba(0, 0, 0, 0);color:#7a4488\" class=\"has-inline-color\"><strong><strong><strong><strong><strong><strong><strong><strong><strong><strong><strong><strong><strong><strong><strong><strong>Quando \u00e9 hora de procurar orienta\u00e7\u00e3o?<\/strong><\/strong><\/strong><\/strong><\/strong><\/strong><\/strong><\/strong><\/strong><\/strong><\/strong><\/strong><\/strong><\/strong><\/strong><\/strong><\/mark><\/strong><\/p>\n\n\n\n<p>Nem sempre \u00e9 f\u00e1cil saber quando parar e olhar para si.<\/p>\n\n\n\n<p>Mas alguns sinais merecem aten\u00e7\u00e3o:<\/p>\n\n\n\n<ul class=\"wp-block-list\">\n<li>seu humor<br><\/li>\n\n\n\n<li>sua paci\u00eancia<br><\/li>\n\n\n\n<li>sua disposi\u00e7\u00e3o<br><\/li>\n\n\n\n<li>at\u00e9 sua motiva\u00e7\u00e3o<\/li>\n<\/ul>\n\n\n\n<p>Voc\u00ea n\u00e3o precisa esperar piorar.<\/p>\n\n\n\n<p>Buscar orienta\u00e7\u00e3o nesse momento \u00e9 uma forma de prevenir, n\u00e3o de reagir.<\/p>\n\n\n\n<p class=\"has-medium-font-size\"><strong><mark style=\"background-color:rgba(0, 0, 0, 0);color:#7a4488\" class=\"has-inline-color\"><strong><strong><strong><strong><strong><strong><strong><strong><strong><strong><strong><strong><strong><strong><strong><strong><strong>Pequenas mudan\u00e7as j\u00e1 fazem diferen\u00e7a<\/strong><\/strong><\/strong><\/strong><\/strong><\/strong><\/strong><\/strong><\/strong><\/strong><\/strong><\/strong><\/strong><\/strong><\/strong><\/strong><\/strong><\/mark><\/strong><\/p>\n\n\n\n<p>Nem sempre \u00e9 preciso uma grande mudan\u00e7a para come\u00e7ar a se cuidar.<\/p>\n\n\n\n<p>Algumas atitudes simples ajudam:<\/p>\n\n\n\n<ul class=\"wp-block-list\">\n<li>respeitar pausas durante o dia<br><\/li>\n\n\n\n<li>observar sua postura<br><\/li>\n\n\n\n<li>n\u00e3o ignorar sinais do corpo<br><\/li>\n\n\n\n<li>procurar orienta\u00e7\u00e3o quando algo n\u00e3o parece certo<\/li>\n<\/ul>\n\n\n\n<p>Cuidar da sa\u00fade tamb\u00e9m est\u00e1 nesses pequenos movimentos.<\/p>\n\n\n\n<p class=\"has-medium-font-size\"><strong><mark style=\"background-color:rgba(0, 0, 0, 0);color:#7a4488\" class=\"has-inline-color\"><strong><strong><strong><strong><strong><strong><strong><strong><strong><strong><strong><strong><strong><strong><strong><strong><strong><strong>Voc\u00ea n\u00e3o precisa se acostumar com o desconforto<\/strong><\/strong><\/strong><\/strong><\/strong><\/strong><\/strong><\/strong><\/strong><\/strong><\/strong><\/strong><\/strong><\/strong><\/strong><\/strong><\/strong><\/strong><\/mark><\/strong><\/p>\n\n\n\n<p>Talvez o mais importante seja isso:<\/p>\n\n\n\n<p>Nem tudo que virou rotina \u00e9 saud\u00e1vel.<\/p>\n\n\n\n<p>Se algo incomoda, d\u00f3i ou cansa de forma constante\u2026isso merece aten\u00e7\u00e3o.<\/p>\n\n\n\n<p class=\"has-medium-font-size\"><strong><mark style=\"background-color:rgba(0, 0, 0, 0);color:#7a4488\" class=\"has-inline-color\"><strong><strong><strong><strong><strong><strong><strong><strong><strong><strong><strong><strong><strong><strong><strong><strong><strong><strong><strong>Cuidar de voc\u00ea tamb\u00e9m \u00e9 parte da sua rotina<\/strong><\/strong><\/strong><\/strong><\/strong><\/strong><\/strong><\/strong><\/strong><\/strong><\/strong><\/strong><\/strong><\/strong><\/strong><\/strong><\/strong><\/strong><\/strong><\/mark><\/strong><\/p>\n\n\n\n<p>No meio de tantas responsabilidades, \u00e9 comum se deixar por \u00faltimo.<\/p>\n\n\n\n<p>Mas seu corpo n\u00e3o \u00e9 um detalhe.<\/p>\n\n\n\n<p>Ele sustenta tudo.<\/p>\n\n\n\n<p>E cuidar dele n\u00e3o precisa come\u00e7ar quando o limite chega pode come\u00e7ar agora, com mais aten\u00e7\u00e3o, mais consci\u00eancia e mais cuidado.<\/p>\n\n\n\n<p><br><strong>Na Medial Labor somos uma clinica m\u00e9dica localizada na Vila Sabrina zona norte de S\u00e3o Paulo, podemos esclarecer algumas d\u00favidas sobre sua sa\u00fade e te indicar para um especialista de sa\u00fade mental ! <a data-type=\"link\" data-id=\"https:\/\/api.whatsapp.com\/send?phone=5511976734825&amp;text=Ol%C3%A1,%20preciso%20de%20informa%C3%A7%C3%B5es.\" href=\"https:\/\/api.whatsapp.com\/send?phone=5511976734825&amp;text=Ol%C3%A1,%20preciso%20de%20informa%C3%A7%C3%B5es.\">Clique aqui<\/a> para falar conosco no Whatsapp ou ligue para nossa cl\u00ednica no telefone <a href=\"tel:01129870210\">(11) 2987-0210<\/a>. Sua sa\u00fade merece esse cuidado.<\/strong><\/p>\n\n\n\n<p><\/p>\n","protected":false},"excerpt":{"rendered":"<p>Tem gente que acorda cansado.Trabalha cansado.E termina o dia ainda mais cansado. No come\u00e7o, parece s\u00f3 parte da rotina.Mas com o tempo, o corpo come\u00e7a a dar sinais mais claros: E mesmo assim, muita gente continua dizendo:\u201c\u00c9 normal\u2026 faz parte.\u201d Mas ser\u00e1 que faz mesmo? Nem todo cansa\u00e7o \u00e9 s\u00f3 cansa\u00e7o O corpo fala e quase sempre antes de algo mais s\u00e9rio acontecer.O problema \u00e9 que, na correria do dia a dia, a gente aprende a ignorar.Vai se adaptando: At\u00e9 que aquilo que era leve\u2026 vira constante.E o que era constante\u2026 come\u00e7a a impactar sua qualidade de vida. Trabalho n\u00e3o deveria custar sua sa\u00fade Independentemente da sua rotina sentado, em p\u00e9, carregando peso ou lidando com press\u00e3o o seu corpo precisa de equil\u00edbrio. Quando isso n\u00e3o acontece, o desgaste aparece. E n\u00e3o \u00e9 s\u00f3 f\u00edsico. O cansa\u00e7o tamb\u00e9m afeta: Cuidar da sa\u00fade no trabalho n\u00e3o \u00e9 luxo.\u00c9 necessidade. Quando \u00e9 hora de procurar orienta\u00e7\u00e3o? Nem sempre \u00e9 f\u00e1cil saber quando parar e olhar para si. Mas alguns sinais merecem aten\u00e7\u00e3o: Voc\u00ea n\u00e3o precisa esperar piorar. Buscar orienta\u00e7\u00e3o nesse momento \u00e9 uma forma de prevenir, n\u00e3o de reagir. Pequenas mudan\u00e7as j\u00e1 fazem diferen\u00e7a Nem sempre \u00e9 preciso uma grande mudan\u00e7a para come\u00e7ar a se cuidar. Algumas atitudes simples ajudam: Cuidar da sa\u00fade tamb\u00e9m est\u00e1 nesses pequenos movimentos. Voc\u00ea n\u00e3o precisa se acostumar com o desconforto Talvez o mais importante seja isso: Nem tudo que virou rotina \u00e9 saud\u00e1vel. Se algo incomoda, d\u00f3i ou cansa de forma constante\u2026isso merece aten\u00e7\u00e3o. Cuidar de voc\u00ea tamb\u00e9m \u00e9 parte da sua rotina No meio de tantas responsabilidades, \u00e9 comum se deixar por \u00faltimo. Mas seu corpo n\u00e3o \u00e9 um detalhe. Ele sustenta tudo. E cuidar dele n\u00e3o precisa come\u00e7ar quando o limite chega pode come\u00e7ar agora, com mais aten\u00e7\u00e3o, mais consci\u00eancia e mais cuidado. Na Medial Labor somos uma clinica m\u00e9dica localizada na Vila Sabrina zona norte de S\u00e3o Paulo, podemos esclarecer algumas d\u00favidas sobre sua sa\u00fade e te indicar para um especialista de sa\u00fade mental ! Clique aqui para falar conosco no Whatsapp ou ligue para nossa cl\u00ednica no telefone (11) 2987-0210. Sua sa\u00fade merece esse cuidado.<\/p>\n","protected":false},"author":1,"featured_media":625,"comment_status":"open","ping_status":"open","sticky":false,"template":"","format":"standard","meta":{"om_disable_all_campaigns":false,"_monsterinsights_skip_tracking":false,"_monsterinsights_sitenote_active":false,"_monsterinsights_sitenote_note":"","_monsterinsights_sitenote_category":0,"_uf_show_specific_survey":0,"_uf_disable_surveys":false,"footnotes":""},"categories":[6,7],"tags":[30,35,34],"class_list":["post-624","post","type-post","status-publish","format-standard","has-post-thumbnail","hentry","category-exames","category-saude","tag-exames-laboratoriais","tag-medial-labor","tag-vila-sabrina"],"aioseo_notices":[],"_links":{"self":[{"href":"https:\/\/mediallabor.com.br\/blog\/wp-json\/wp\/v2\/posts\/624","targetHints":{"allow":["GET"]}}],"collection":[{"href":"https:\/\/mediallabor.com.br\/blog\/wp-json\/wp\/v2\/posts"}],"about":[{"href":"https:\/\/mediallabor.com.br\/blog\/wp-json\/wp\/v2\/types\/post"}],"author":[{"embeddable":true,"href":"https:\/\/mediallabor.com.br\/blog\/wp-json\/wp\/v2\/users\/1"}],"replies":[{"embeddable":true,"href":"https:\/\/mediallabor.com.br\/blog\/wp-json\/wp\/v2\/comments?post=624"}],"version-history":[{"count":1,"href":"https:\/\/mediallabor.com.br\/blog\/wp-json\/wp\/v2\/posts\/624\/revisions"}],"predecessor-version":[{"id":626,"href":"https:\/\/mediallabor.com.br\/blog\/wp-json\/wp\/v2\/posts\/624\/revisions\/626"}],"wp:featuredmedia":[{"embeddable":true,"href":"https:\/\/mediallabor.com.br\/blog\/wp-json\/wp\/v2\/media\/625"}],"wp:attachment":[{"href":"https:\/\/mediallabor.com.br\/blog\/wp-json\/wp\/v2\/media?parent=624"}],"wp:term":[{"taxonomy":"category","embeddable":true,"href":"https:\/\/mediallabor.com.br\/blog\/wp-json\/wp\/v2\/categories?post=624"},{"taxonomy":"post_tag","embeddable":true,"href":"https:\/\/mediallabor.com.br\/blog\/wp-json\/wp\/v2\/tags?post=624"}],"curies":[{"name":"wp","href":"https:\/\/api.w.org\/{rel}","templated":true}]}}