{"id":627,"date":"2026-04-13T13:34:57","date_gmt":"2026-04-13T13:34:57","guid":{"rendered":"https:\/\/mediallabor.com.br\/blog\/?p=627"},"modified":"2026-04-13T13:34:57","modified_gmt":"2026-04-13T13:34:57","slug":"voce-so-cuida-da-saude-quando-algo-acontece","status":"publish","type":"post","link":"https:\/\/mediallabor.com.br\/blog\/voce-so-cuida-da-saude-quando-algo-acontece\/","title":{"rendered":"Voc\u00ea s\u00f3 cuida da sa\u00fade quando algo acontece?"},"content":{"rendered":"\n<p>Tem gente que acorda cansado.<br>TEssa \u00e9 a realidade de muita gente.<\/p>\n\n\n\n<p>A rotina \u00e9 corrida.<br>Os compromissos n\u00e3o param.<br>E a sa\u00fade vai ficando pra depois.<\/p>\n\n\n\n<p>At\u00e9 que aparece um sintoma.<\/p>\n\n\n\n<p>E a\u00ed, sim, vem a preocupa\u00e7\u00e3o.<\/p>\n\n\n\n<p>Mas cuidar da sa\u00fade s\u00f3 nesse momento \u00e9 agir quando o corpo j\u00e1 est\u00e1 pedindo ajuda.<\/p>\n\n\n\n<h2 class=\"wp-block-heading\" style=\"font-size:20px\"><strong><mark style=\"background-color:rgba(0, 0, 0, 0);color:#7a4488\" class=\"has-inline-color\"><strong><strong><strong><strong><strong><strong><strong><strong><strong><strong><strong><strong><strong><strong><strong><strong><strong>Preven\u00e7\u00e3o n\u00e3o \u00e9 sobre medo \u00e9 sobre tranquilidade<\/strong><\/strong><\/strong><\/strong><\/strong><\/strong><\/strong><\/strong><\/strong><\/strong><\/strong><\/strong><\/strong><\/strong><\/strong><\/strong><\/strong><\/mark><\/strong><\/h2>\n\n\n\n<p>Existe uma ideia comum de que cuidar da sa\u00fade antes de sentir algo \u00e9 exagero.<\/p>\n\n\n\n<p>Mas, na pr\u00e1tica, \u00e9 o contr\u00e1rio.<\/p>\n\n\n\n<p>A preven\u00e7\u00e3o traz:<\/p>\n\n\n\n<ul class=\"wp-block-list\">\n<li>mais seguran\u00e7a<br><\/li>\n\n\n\n<li>mais clareza<br><\/li>\n\n\n\n<li>mais tranquilidade nas decis\u00f5es<br><\/li>\n<\/ul>\n\n\n\n<p>Porque voc\u00ea entende como seu corpo est\u00e1 \u2014 e n\u00e3o precisa viver na d\u00favida.vida.<\/p>\n\n\n\n<p class=\"has-medium-font-size\"><strong><mark style=\"background-color:rgba(0, 0, 0, 0);color:#7a4488\" class=\"has-inline-color\"><strong><strong><strong><strong><strong><strong><strong><strong><strong><strong><strong><strong><strong><strong><strong><strong>Sa\u00fade \u00e9 acompanhamento, n\u00e3o epis\u00f3dio<\/strong><\/strong><\/strong><\/strong><\/strong><\/strong><\/strong><\/strong><\/strong><\/strong><\/strong><\/strong><\/strong><\/strong><\/strong><\/strong><\/mark><\/strong><\/p>\n\n\n\n<p>Muita gente encara sa\u00fade como algo pontual:<\/p>\n\n\n\n<ul class=\"wp-block-list\">\n<li>sente algo \u2192 investiga<br><\/li>\n\n\n\n<li>resolve \u2192 esquece<br><\/li>\n<\/ul>\n\n\n\n<p>Mas o corpo n\u00e3o funciona assim.<\/p>\n\n\n\n<p>Ele muda com o tempo.<\/p>\n\n\n\n<p>Por isso, o acompanhamento \u00e9 importante.N\u00e3o para \u201cprocurar problema\u201d,<br>mas para entender seu pr\u00f3prio funcionamento.<\/p>\n\n\n\n<p class=\"has-medium-font-size\"><strong><mark style=\"background-color:rgba(0, 0, 0, 0);color:#7a4488\" class=\"has-inline-color\"><strong><strong><strong><strong><strong><strong><strong><strong><strong><strong><strong><strong><strong><strong><strong><strong><strong>Exames preventivos: aliados, n\u00e3o vil\u00f5es<\/strong><\/strong><\/strong><\/strong><\/strong><\/strong><\/strong><\/strong><\/strong><\/strong><\/strong><\/strong><\/strong><\/strong><\/strong><\/strong><\/strong><\/mark><\/strong><\/p>\n\n\n\n<p>Existe tamb\u00e9m um certo receio quando se fala em exames.<\/p>\n\n\n\n<p>Mas eles n\u00e3o s\u00e3o feitos para assustar.<\/p>\n\n\n\n<p>Eles ajudam a:<\/p>\n\n\n\n<ul class=\"wp-block-list\">\n<li>acompanhar sua sa\u00fade<br><\/li>\n\n\n\n<li>identificar mudan\u00e7as<br><\/li>\n\n\n\n<li>orientar decis\u00f5es com mais seguran\u00e7a<br><\/li>\n<\/ul>\n\n\n\n<p>Sempre com orienta\u00e7\u00e3o profissional.<\/p>\n\n\n\n<p class=\"has-medium-font-size\"><strong><mark style=\"background-color:rgba(0, 0, 0, 0);color:#7a4488\" class=\"has-inline-color\"><strong><strong><strong><strong><strong><strong><strong><strong><strong><strong><strong><strong><strong><strong><strong><strong><strong><strong>O cuidado est\u00e1 na const\u00e2ncia<\/strong><\/strong><\/strong><\/strong><\/strong><\/strong><\/strong><\/strong><\/strong><\/strong><\/strong><\/strong><\/strong><\/strong><\/strong><\/strong><\/strong><\/strong><\/mark><\/strong><\/p>\n\n\n\n<p>N\u00e3o \u00e9 sobre fazer tudo de uma vez.<\/p>\n\n\n\n<p>Nem sobre viver preocupado.<\/p>\n\n\n\n<p>\u00c9 sobre const\u00e2ncia.<\/p>\n\n\n\n<p>Pequenos cuidados ao longo do tempo fazem mais diferen\u00e7a do que grandes a\u00e7\u00f5es isoladas.<\/p>\n\n\n\n<p class=\"has-medium-font-size\"><strong><mark style=\"background-color:rgba(0, 0, 0, 0);color:#7a4488\" class=\"has-inline-color\"><strong><strong><strong><strong><strong><strong><strong><strong><strong><strong><strong><strong><strong><strong><strong><strong><strong><strong><strong>E quando come\u00e7ar?<\/strong><\/strong><\/strong><\/strong><\/strong><\/strong><\/strong><\/strong><\/strong><\/strong><\/strong><\/strong><\/strong><\/strong><\/strong><\/strong><\/strong><\/strong><\/strong><\/mark><\/strong><\/p>\n\n\n\n<p>TA melhor resposta \u00e9 simples:<\/p>\n\n\n\n<p>Quando voc\u00ea decide se olhar com mais aten\u00e7\u00e3o.<\/p>\n\n\n\n<p>Sem press\u00e3o.<br>Sem exagero.<br>Mas com responsabilidade.<\/p>\n\n\n\n<p class=\"has-medium-font-size\"><strong><mark style=\"background-color:rgba(0, 0, 0, 0);color:#7a4488\" class=\"has-inline-color\"><strong><strong><strong><strong><strong><strong><strong><strong><strong><strong><strong><strong><strong><strong><strong><strong><strong><strong><strong><strong>Cuidar de voc\u00ea \u00e9 um processo<\/strong><\/strong><\/strong><\/strong><\/strong><\/strong><\/strong><\/strong><\/strong><\/strong><\/strong><\/strong><\/strong><\/strong><\/strong><\/strong><\/strong><\/strong><\/strong><\/strong><\/mark><\/strong><\/p>\n\n\n\n<p>A sa\u00fade n\u00e3o \u00e9 um ponto de chegada.<\/p>\n\n\n\n<p>Ela \u00e9 um caminho.<\/p>\n\n\n\n<p>E quanto mais voc\u00ea se acompanha, mais tranquilo esse caminho se torna.<\/p>\n\n\n\n<p><br><strong>Na Medial Labor somos uma clinica m\u00e9dica localizada na Vila Sabrina zona norte de S\u00e3o Paulo, podemos esclarecer algumas d\u00favidas sobre sua sa\u00fade e te indicar para um especialista de sa\u00fade mental ! <a data-type=\"link\" data-id=\"https:\/\/api.whatsapp.com\/send?phone=5511976734825&amp;text=Ol%C3%A1,%20preciso%20de%20informa%C3%A7%C3%B5es.\" href=\"https:\/\/api.whatsapp.com\/send?phone=5511976734825&amp;text=Ol%C3%A1,%20preciso%20de%20informa%C3%A7%C3%B5es.\">Clique aqui<\/a> para falar conosco no Whatsapp ou ligue para nossa cl\u00ednica no telefone <a href=\"tel:01129870210\">(11) 2987-0210<\/a>. Sua sa\u00fade merece esse cuidado.<\/strong><\/p>\n\n\n\n<p><\/p>\n","protected":false},"excerpt":{"rendered":"<p>Tem gente que acorda cansado.TEssa \u00e9 a realidade de muita gente. A rotina \u00e9 corrida.Os compromissos n\u00e3o param.E a sa\u00fade vai ficando pra depois. At\u00e9 que aparece um sintoma. E a\u00ed, sim, vem a preocupa\u00e7\u00e3o. Mas cuidar da sa\u00fade s\u00f3 nesse momento \u00e9 agir quando o corpo j\u00e1 est\u00e1 pedindo ajuda. Preven\u00e7\u00e3o n\u00e3o \u00e9 sobre medo \u00e9 sobre tranquilidade Existe uma ideia comum de que cuidar da sa\u00fade antes de sentir algo \u00e9 exagero. Mas, na pr\u00e1tica, \u00e9 o contr\u00e1rio. A preven\u00e7\u00e3o traz: Porque voc\u00ea entende como seu corpo est\u00e1 \u2014 e n\u00e3o precisa viver na d\u00favida.vida. Sa\u00fade \u00e9 acompanhamento, n\u00e3o epis\u00f3dio Muita gente encara sa\u00fade como algo pontual: Mas o corpo n\u00e3o funciona assim. Ele muda com o tempo. Por isso, o acompanhamento \u00e9 importante.N\u00e3o para \u201cprocurar problema\u201d,mas para entender seu pr\u00f3prio funcionamento. Exames preventivos: aliados, n\u00e3o vil\u00f5es Existe tamb\u00e9m um certo receio quando se fala em exames. Mas eles n\u00e3o s\u00e3o feitos para assustar. Eles ajudam a: Sempre com orienta\u00e7\u00e3o profissional. O cuidado est\u00e1 na const\u00e2ncia N\u00e3o \u00e9 sobre fazer tudo de uma vez. Nem sobre viver preocupado. \u00c9 sobre const\u00e2ncia. Pequenos cuidados ao longo do tempo fazem mais diferen\u00e7a do que grandes a\u00e7\u00f5es isoladas. E quando come\u00e7ar? TA melhor resposta \u00e9 simples: Quando voc\u00ea decide se olhar com mais aten\u00e7\u00e3o. Sem press\u00e3o.Sem exagero.Mas com responsabilidade. Cuidar de voc\u00ea \u00e9 um processo A sa\u00fade n\u00e3o \u00e9 um ponto de chegada. Ela \u00e9 um caminho. E quanto mais voc\u00ea se acompanha, mais tranquilo esse caminho se torna. Na Medial Labor somos uma clinica m\u00e9dica localizada na Vila Sabrina zona norte de S\u00e3o Paulo, podemos esclarecer algumas d\u00favidas sobre sua sa\u00fade e te indicar para um especialista de sa\u00fade mental ! Clique aqui para falar conosco no Whatsapp ou ligue para nossa cl\u00ednica no telefone (11) 2987-0210. Sua sa\u00fade merece esse cuidado.<\/p>\n","protected":false},"author":1,"featured_media":628,"comment_status":"open","ping_status":"open","sticky":false,"template":"","format":"standard","meta":{"om_disable_all_campaigns":false,"_monsterinsights_skip_tracking":false,"_monsterinsights_sitenote_active":false,"_monsterinsights_sitenote_note":"","_monsterinsights_sitenote_category":0,"_uf_show_specific_survey":0,"_uf_disable_surveys":false,"footnotes":""},"categories":[6,7],"tags":[30,35,34],"class_list":["post-627","post","type-post","status-publish","format-standard","has-post-thumbnail","hentry","category-exames","category-saude","tag-exames-laboratoriais","tag-medial-labor","tag-vila-sabrina"],"aioseo_notices":[],"_links":{"self":[{"href":"https:\/\/mediallabor.com.br\/blog\/wp-json\/wp\/v2\/posts\/627","targetHints":{"allow":["GET"]}}],"collection":[{"href":"https:\/\/mediallabor.com.br\/blog\/wp-json\/wp\/v2\/posts"}],"about":[{"href":"https:\/\/mediallabor.com.br\/blog\/wp-json\/wp\/v2\/types\/post"}],"author":[{"embeddable":true,"href":"https:\/\/mediallabor.com.br\/blog\/wp-json\/wp\/v2\/users\/1"}],"replies":[{"embeddable":true,"href":"https:\/\/mediallabor.com.br\/blog\/wp-json\/wp\/v2\/comments?post=627"}],"version-history":[{"count":1,"href":"https:\/\/mediallabor.com.br\/blog\/wp-json\/wp\/v2\/posts\/627\/revisions"}],"predecessor-version":[{"id":629,"href":"https:\/\/mediallabor.com.br\/blog\/wp-json\/wp\/v2\/posts\/627\/revisions\/629"}],"wp:featuredmedia":[{"embeddable":true,"href":"https:\/\/mediallabor.com.br\/blog\/wp-json\/wp\/v2\/media\/628"}],"wp:attachment":[{"href":"https:\/\/mediallabor.com.br\/blog\/wp-json\/wp\/v2\/media?parent=627"}],"wp:term":[{"taxonomy":"category","embeddable":true,"href":"https:\/\/mediallabor.com.br\/blog\/wp-json\/wp\/v2\/categories?post=627"},{"taxonomy":"post_tag","embeddable":true,"href":"https:\/\/mediallabor.com.br\/blog\/wp-json\/wp\/v2\/tags?post=627"}],"curies":[{"name":"wp","href":"https:\/\/api.w.org\/{rel}","templated":true}]}}