{"id":646,"date":"2026-08-19T11:56:23","date_gmt":"2026-08-19T11:56:23","guid":{"rendered":"https:\/\/mediallabor.com.br\/blog\/?p=646"},"modified":"2026-08-19T11:57:59","modified_gmt":"2026-08-19T11:57:59","slug":"doencas-bucais-zona-norte-sp","status":"publish","type":"post","link":"https:\/\/mediallabor.com.br\/blog\/doencas-bucais-zona-norte-sp\/","title":{"rendered":"Doen\u00e7as bucais: sinais, preven\u00e7\u00e3o e quando procurar dentista na Zona Norte de S\u00e3o Paulo\u00a0"},"content":{"rendered":"\n<p>Cuidar da sa\u00fade bucal vai muito al\u00e9m da est\u00e9tica. Muitas doen\u00e7as come\u00e7am com sinais simples&nbsp; e ignorar esses sinais pode trazer complica\u00e7\u00f5es maiores com o tempo.<\/p>\n\n\n\n<p>Se voc\u00ea j\u00e1 sentiu dor, desconforto ou percebeu algo diferente na sua boca, este conte\u00fado \u00e9 para voc\u00ea.<\/p>\n\n\n\n<h2 class=\"wp-block-heading\" style=\"font-size:20px\"><strong><mark style=\"background-color:rgba(0, 0, 0, 0);color:#7a4488\" class=\"has-inline-color\"><strong><strong><strong><strong><strong><strong><strong><strong><strong><strong><strong><strong><strong><strong><strong><strong><strong><strong><strong><strong><strong>Sintomas de doen\u00e7as bucais que voc\u00ea n\u00e3o deve ignorar<\/strong><\/strong><\/strong><\/strong><\/strong><\/strong><\/strong><\/strong><\/strong><\/strong><\/strong><\/strong><\/strong><\/strong><\/strong><\/strong><\/strong><\/strong><\/strong><\/strong><\/strong><\/mark><\/strong><\/h2>\n\n\n\n<p>Nem sempre a dor aparece logo no in\u00edcio. Por isso, \u00e9 importante ficar atento a sinais como:<\/p>\n\n\n\n<ul class=\"wp-block-list\">\n<li>Dor de dente frequente ou sensibilidade<\/li>\n\n\n\n<li>Sangramento na gengiva ao escovar<\/li>\n\n\n\n<li>Mau h\u00e1lito constante<\/li>\n\n\n\n<li>Incha\u00e7o ou vermelhid\u00e3o na gengiva<\/li>\n\n\n\n<li>Manchas ou feridas que n\u00e3o cicatrizam<\/li>\n<\/ul>\n\n\n\n<p>Esses sintomas podem indicar problemas como c\u00e1rie, gengivite ou at\u00e9 infec\u00e7\u00f5es mais s\u00e9rias.<\/p>\n\n\n\n<p class=\"has-medium-font-size\"><strong><mark style=\"background-color:rgba(0, 0, 0, 0);color:#7a4488\" class=\"has-inline-color\"><strong><strong><strong><strong><strong><strong><strong><strong><strong><strong><strong><strong><strong><strong><strong><strong><strong><strong><strong><strong><strong>Quando procurar um dentista em S\u00e3o Paulo<\/strong><\/strong><\/strong><\/strong><\/strong><\/strong><\/strong><\/strong><\/strong><\/strong><\/strong><\/strong><\/strong><\/strong><\/strong><\/strong><\/strong><\/strong><\/strong><\/strong><\/strong><\/mark><\/strong><\/p>\n\n\n\n<p>Muitas pessoas acabam adiando a ida ao dentista por achar que \u201cvai passar\u201d.<\/p>\n\n\n\n<p>Mas, na pr\u00e1tica, o que acontece \u00e9 o contr\u00e1rio:<\/p>\n\n\n\n<ul class=\"wp-block-list\">\n<li>O problema evolui<\/li>\n\n\n\n<li>O tratamento fica mais complexo<\/li>\n\n\n\n<li>O custo e o desconforto aumentam<\/li>\n<\/ul>\n\n\n\n<p>Quanto antes voc\u00ea cuida, mais simples \u00e9 resolver.<\/p>\n\n\n\n<p class=\"has-medium-font-size\"><strong><mark style=\"background-color:rgba(0, 0, 0, 0);color:#7a4488\" class=\"has-inline-color\"><strong><strong><strong><strong><strong><strong><strong><strong><strong><strong><strong><strong><strong><strong><strong><strong><strong><strong><strong><strong><strong><strong>Como prevenir problemas bucais no dia a dia<\/strong><\/strong><\/strong><\/strong><\/strong><\/strong><\/strong><\/strong><\/strong><\/strong><\/strong><\/strong><\/strong><\/strong><\/strong><\/strong><\/strong><\/strong><\/strong><\/strong><\/strong><\/strong><\/mark><\/strong><\/p>\n\n\n\n<p>A preven\u00e7\u00e3o ainda \u00e9 o melhor caminho. Algumas atitudes simples fazem toda a diferen\u00e7a:<\/p>\n\n\n\n<ul class=\"wp-block-list\">\n<li>Escovar os dentes pelo menos 3 vezes ao dia<\/li>\n\n\n\n<li>Usar fio dental diariamente<\/li>\n\n\n\n<li>Evitar excesso de a\u00e7\u00facar<\/li>\n\n\n\n<li>Manter visitas regulares ao dentista<\/li>\n\n\n\n<li>N\u00e3o ignorar sinais do corpo<\/li>\n<\/ul>\n\n\n\n<p class=\"has-medium-font-size\"><strong><mark style=\"background-color:rgba(0, 0, 0, 0);color:#7a4488\" class=\"has-inline-color\"><strong><strong><strong><strong><strong><strong><strong><strong><strong><strong><strong><strong><strong><strong><strong><strong><strong><strong><strong><strong><strong><strong><strong>Atendimento odontol\u00f3gico na Zona Norte de S\u00e3o Paulo<\/strong><\/strong><\/strong><\/strong><\/strong><\/strong><\/strong><\/strong><\/strong><\/strong><\/strong><\/strong><\/strong><\/strong><\/strong><\/strong><\/strong><\/strong><\/strong><\/strong><\/strong><\/strong><\/strong><\/mark><\/strong><\/p>\n\n\n\n<p>Voc\u00ea n\u00e3o precisa esperar a dor aparecer.<\/p>\n\n\n\n<p>O ideal \u00e9 fazer consultas de rotina para avalia\u00e7\u00e3o e preven\u00e7\u00e3o.<br>Mas se voc\u00ea j\u00e1 percebeu algum sintoma, o melhor momento para agir \u00e9 agora.<br><br>Se voc\u00ea est\u00e1 na <strong>Zona Norte de S\u00e3o Paulo<\/strong> e busca atendimento odontol\u00f3gico de confian\u00e7a, a <strong>Medial Labor<\/strong> oferece estrutura completa para avalia\u00e7\u00e3o, preven\u00e7\u00e3o e tratamento de doen\u00e7as bucais. Nosso atendimento \u00e9 acess\u00edvel, r\u00e1pido e pensado para cuidar da sua sa\u00fade com seguran\u00e7a.<\/p>\n\n\n\n<p><strong>Agende seu atendimento e cuide da sua sa\u00fade com tranquilidade, fale com a Medial Labor e agende sua consulta. <a data-type=\"link\" data-id=\"https:\/\/api.whatsapp.com\/send?phone=5511976734825&amp;text=Ol%C3%A1,%20preciso%20de%20informa%C3%A7%C3%B5es.\" href=\"https:\/\/api.whatsapp.com\/send?phone=5511976734825&amp;text=Ol%C3%A1,%20preciso%20de%20informa%C3%A7%C3%B5es.\">Clique aqui<\/a> para falar conosco no Whatsapp ou ligue para nossa cl\u00ednica no telefone <a href=\"tel:01129870210\">(11) 2987-0210<\/a>. Sua sa\u00fade merece esse cuidado.<\/strong><\/p>\n\n\n\n<p><\/p>\n","protected":false},"excerpt":{"rendered":"<p>Cuidar da sa\u00fade bucal vai muito al\u00e9m da est\u00e9tica. Muitas doen\u00e7as come\u00e7am com sinais simples&nbsp; e ignorar esses sinais pode trazer complica\u00e7\u00f5es maiores com o tempo. Se voc\u00ea j\u00e1 sentiu dor, desconforto ou percebeu algo diferente na sua boca, este conte\u00fado \u00e9 para voc\u00ea. Sintomas de doen\u00e7as bucais que voc\u00ea n\u00e3o deve ignorar Nem sempre a dor aparece logo no in\u00edcio. Por isso, \u00e9 importante ficar atento a sinais como: Esses sintomas podem indicar problemas como c\u00e1rie, gengivite ou at\u00e9 infec\u00e7\u00f5es mais s\u00e9rias. Quando procurar um dentista em S\u00e3o Paulo Muitas pessoas acabam adiando a ida ao dentista por achar que \u201cvai passar\u201d. Mas, na pr\u00e1tica, o que acontece \u00e9 o contr\u00e1rio: Quanto antes voc\u00ea cuida, mais simples \u00e9 resolver. Como prevenir problemas bucais no dia a dia A preven\u00e7\u00e3o ainda \u00e9 o melhor caminho. Algumas atitudes simples fazem toda a diferen\u00e7a: Atendimento odontol\u00f3gico na Zona Norte de S\u00e3o Paulo Voc\u00ea n\u00e3o precisa esperar a dor aparecer. O ideal \u00e9 fazer consultas de rotina para avalia\u00e7\u00e3o e preven\u00e7\u00e3o.Mas se voc\u00ea j\u00e1 percebeu algum sintoma, o melhor momento para agir \u00e9 agora. Se voc\u00ea est\u00e1 na Zona Norte de S\u00e3o Paulo e busca atendimento odontol\u00f3gico de confian\u00e7a, a Medial Labor oferece estrutura completa para avalia\u00e7\u00e3o, preven\u00e7\u00e3o e tratamento de doen\u00e7as bucais. Nosso atendimento \u00e9 acess\u00edvel, r\u00e1pido e pensado para cuidar da sua sa\u00fade com seguran\u00e7a. Agende seu atendimento e cuide da sua sa\u00fade com tranquilidade, fale com a Medial Labor e agende sua consulta. Clique aqui para falar conosco no Whatsapp ou ligue para nossa cl\u00ednica no telefone (11) 2987-0210. Sua sa\u00fade merece esse cuidado.<\/p>\n","protected":false},"author":1,"featured_media":647,"comment_status":"open","ping_status":"open","sticky":false,"template":"","format":"standard","meta":{"om_disable_all_campaigns":false,"_monsterinsights_skip_tracking":false,"_uf_show_specific_survey":0,"_uf_disable_surveys":false,"footnotes":""},"categories":[57,6],"tags":[56,35,34,55],"class_list":["post-646","post","type-post","status-publish","format-standard","has-post-thumbnail","hentry","category-dentista","category-exames","tag-dentista","tag-medial-labor","tag-vila-sabrina","tag-zona-norte"],"aioseo_notices":[],"aioseo_head":"\n\t\t<!-- All in One SEO 5.0.0.1 - aioseo.com -->\n\t<meta name=\"description\" content=\"Descubra os principais sinais de doen\u00e7as bucais e quando procurar um dentista na Zona Norte de S\u00e3o Paulo. Agende sua avalia\u00e7\u00e3o na Medial Labor.\" \/>\n\t<meta name=\"robots\" content=\"max-image-preview:large\" \/>\n\t<meta name=\"author\" content=\"higorfsm\"\/>\n\t<link rel=\"canonical\" href=\"https:\/\/mediallabor.com.br\/blog\/doencas-bucais-zona-norte-sp\/\" \/>\n\t<meta name=\"generator\" content=\"All in One SEO (AIOSEO) 5.0.0.1\" \/>\n\t\t<meta property=\"og:locale\" content=\"pt_BR\" \/>\n\t\t<meta property=\"og:site_name\" content=\"-\" \/>\n\t\t<meta property=\"og:type\" content=\"article\" \/>\n\t\t<meta property=\"og:title\" content=\"Doen\u00e7as bucais: sinais, preven\u00e7\u00e3o e quando procurar dentista na Zona Norte de S\u00e3o Paulo \" \/>\n\t\t<meta property=\"og:description\" content=\"Descubra os principais sinais de doen\u00e7as bucais e quando procurar um dentista na Zona Norte de S\u00e3o Paulo. Agende sua avalia\u00e7\u00e3o na Medial Labor.\" \/>\n\t\t<meta property=\"og:url\" content=\"https:\/\/mediallabor.com.br\/blog\/doencas-bucais-zona-norte-sp\/\" \/>\n\t\t<meta property=\"og:image\" content=\"https:\/\/mediallabor.com.br\/blog\/wp-content\/uploads\/2026\/08\/Medial-Labor-Banner-Blog-7.jpg\" \/>\n\t\t<meta property=\"og:image:secure_url\" content=\"https:\/\/mediallabor.com.br\/blog\/wp-content\/uploads\/2026\/08\/Medial-Labor-Banner-Blog-7.jpg\" \/>\n\t\t<meta property=\"og:image:width\" content=\"2240\" \/>\n\t\t<meta property=\"og:image:height\" content=\"1260\" \/>\n\t\t<meta property=\"article:published_time\" content=\"2026-08-19T11:56:23+00:00\" \/>\n\t\t<meta property=\"article:modified_time\" content=\"2026-08-19T11:57:59+00:00\" \/>\n\t\t<meta name=\"twitter:card\" content=\"summary_large_image\" \/>\n\t\t<meta name=\"twitter:title\" content=\"Doen\u00e7as bucais: sinais, preven\u00e7\u00e3o e quando procurar dentista na Zona Norte de S\u00e3o Paulo \" \/>\n\t\t<meta name=\"twitter:description\" content=\"Descubra os principais sinais de doen\u00e7as bucais e quando procurar um dentista na Zona Norte de S\u00e3o Paulo. Agende sua avalia\u00e7\u00e3o na Medial Labor.\" \/>\n\t\t<meta name=\"twitter:image\" content=\"https:\/\/mediallabor.com.br\/blog\/wp-content\/uploads\/2026\/08\/Medial-Labor-Banner-Blog-7.jpg\" \/>\n\t\t<script type=\"application\/ld+json\" class=\"aioseo-schema\">\n\t\t\t{\"@context\":\"https:\\\/\\\/schema.org\",\"@graph\":[{\"@type\":\"BlogPosting\",\"@id\":\"https:\\\/\\\/mediallabor.com.br\\\/blog\\\/doencas-bucais-zona-norte-sp\\\/#blogposting\",\"name\":\"Doen\\u00e7as bucais: sinais, preven\\u00e7\\u00e3o e quando procurar dentista na Zona Norte de S\\u00e3o Paulo\",\"headline\":\"Doen\\u00e7as bucais: sinais, preven\\u00e7\\u00e3o e quando procurar dentista na Zona Norte de S\\u00e3o Paulo\\u00a0\",\"author\":{\"@id\":\"https:\\\/\\\/mediallabor.com.br\\\/blog\\\/author\\\/higorfsm\\\/#author\"},\"publisher\":{\"@id\":\"https:\\\/\\\/mediallabor.com.br\\\/blog\\\/#organization\"},\"image\":{\"@type\":\"ImageObject\",\"url\":\"https:\\\/\\\/mediallabor.com.br\\\/blog\\\/wp-content\\\/uploads\\\/2026\\\/08\\\/Medial-Labor-Banner-Blog-7.jpg\",\"width\":2240,\"height\":1260},\"datePublished\":\"2026-08-19T11:56:23+00:00\",\"dateModified\":\"2026-08-19T11:57:59+00:00\",\"inLanguage\":\"pt-BR\",\"mainEntityOfPage\":{\"@id\":\"https:\\\/\\\/mediallabor.com.br\\\/blog\\\/doencas-bucais-zona-norte-sp\\\/#webpage\"},\"isPartOf\":{\"@id\":\"https:\\\/\\\/mediallabor.com.br\\\/blog\\\/doencas-bucais-zona-norte-sp\\\/#webpage\"},\"articleSection\":\"Dentista, Exames, dentista, medial labor, vila sabrina, zona norte\"},{\"@type\":\"BreadcrumbList\",\"@id\":\"https:\\\/\\\/mediallabor.com.br\\\/blog\\\/doencas-bucais-zona-norte-sp\\\/#breadcrumblist\",\"itemListElement\":[{\"@type\":\"ListItem\",\"@id\":\"https:\\\/\\\/mediallabor.com.br\\\/blog#listItem\",\"position\":1,\"name\":\"Home\",\"item\":\"https:\\\/\\\/mediallabor.com.br\\\/blog\",\"nextItem\":{\"@type\":\"ListItem\",\"@id\":\"https:\\\/\\\/mediallabor.com.br\\\/blog\\\/category\\\/exames\\\/#listItem\",\"name\":\"Exames\"}},{\"@type\":\"ListItem\",\"@id\":\"https:\\\/\\\/mediallabor.com.br\\\/blog\\\/category\\\/exames\\\/#listItem\",\"position\":2,\"name\":\"Exames\",\"item\":\"https:\\\/\\\/mediallabor.com.br\\\/blog\\\/category\\\/exames\\\/\",\"nextItem\":{\"@type\":\"ListItem\",\"@id\":\"https:\\\/\\\/mediallabor.com.br\\\/blog\\\/doencas-bucais-zona-norte-sp\\\/#listItem\",\"name\":\"Doen\\u00e7as bucais: sinais, preven\\u00e7\\u00e3o e quando procurar dentista na Zona Norte de S\\u00e3o Paulo\\u00a0\"},\"previousItem\":{\"@type\":\"ListItem\",\"@id\":\"https:\\\/\\\/mediallabor.com.br\\\/blog#listItem\",\"name\":\"Home\"}},{\"@type\":\"ListItem\",\"@id\":\"https:\\\/\\\/mediallabor.com.br\\\/blog\\\/doencas-bucais-zona-norte-sp\\\/#listItem\",\"position\":3,\"name\":\"Doen\\u00e7as bucais: sinais, preven\\u00e7\\u00e3o e quando procurar dentista na Zona Norte de S\\u00e3o Paulo\\u00a0\",\"previousItem\":{\"@type\":\"ListItem\",\"@id\":\"https:\\\/\\\/mediallabor.com.br\\\/blog\\\/category\\\/exames\\\/#listItem\",\"name\":\"Exames\"}}]},{\"@type\":\"Organization\",\"@id\":\"https:\\\/\\\/mediallabor.com.br\\\/blog\\\/#organization\",\"url\":\"https:\\\/\\\/mediallabor.com.br\\\/blog\\\/\"},{\"@type\":\"Person\",\"@id\":\"https:\\\/\\\/mediallabor.com.br\\\/blog\\\/author\\\/higorfsm\\\/#author\",\"url\":\"https:\\\/\\\/mediallabor.com.br\\\/blog\\\/author\\\/higorfsm\\\/\",\"name\":\"higorfsm\",\"image\":{\"@type\":\"ImageObject\",\"@id\":\"https:\\\/\\\/mediallabor.com.br\\\/blog\\\/doencas-bucais-zona-norte-sp\\\/#authorImage\",\"url\":\"https:\\\/\\\/secure.gravatar.com\\\/avatar\\\/2b8cd05d218bf4c7709ca2ea0d97758a?s=96&d=mm&r=g\",\"width\":96,\"height\":96,\"caption\":\"higorfsm\"}},{\"@type\":\"WebPage\",\"@id\":\"https:\\\/\\\/mediallabor.com.br\\\/blog\\\/doencas-bucais-zona-norte-sp\\\/#webpage\",\"url\":\"https:\\\/\\\/mediallabor.com.br\\\/blog\\\/doencas-bucais-zona-norte-sp\\\/\",\"name\":\"Doen\\u00e7as bucais: sinais, preven\\u00e7\\u00e3o e quando procurar dentista na Zona Norte de S\\u00e3o Paulo\",\"description\":\"Descubra os principais sinais de doen\\u00e7as bucais e quando procurar um dentista na Zona Norte de S\\u00e3o Paulo. Agende sua avalia\\u00e7\\u00e3o na Medial Labor.\",\"inLanguage\":\"pt-BR\",\"isPartOf\":{\"@id\":\"https:\\\/\\\/mediallabor.com.br\\\/blog\\\/#website\"},\"breadcrumb\":{\"@id\":\"https:\\\/\\\/mediallabor.com.br\\\/blog\\\/doencas-bucais-zona-norte-sp\\\/#breadcrumblist\"},\"author\":{\"@id\":\"https:\\\/\\\/mediallabor.com.br\\\/blog\\\/author\\\/higorfsm\\\/#author\"},\"creator\":{\"@id\":\"https:\\\/\\\/mediallabor.com.br\\\/blog\\\/author\\\/higorfsm\\\/#author\"},\"image\":{\"@type\":\"ImageObject\",\"url\":\"https:\\\/\\\/mediallabor.com.br\\\/blog\\\/wp-content\\\/uploads\\\/2026\\\/08\\\/Medial-Labor-Banner-Blog-7.jpg\",\"@id\":\"https:\\\/\\\/mediallabor.com.br\\\/blog\\\/doencas-bucais-zona-norte-sp\\\/#mainImage\",\"width\":2240,\"height\":1260},\"primaryImageOfPage\":{\"@id\":\"https:\\\/\\\/mediallabor.com.br\\\/blog\\\/doencas-bucais-zona-norte-sp\\\/#mainImage\"},\"datePublished\":\"2026-08-19T11:56:23+00:00\",\"dateModified\":\"2026-08-19T11:57:59+00:00\"},{\"@type\":\"WebSite\",\"@id\":\"https:\\\/\\\/mediallabor.com.br\\\/blog\\\/#website\",\"url\":\"https:\\\/\\\/mediallabor.com.br\\\/blog\\\/\",\"inLanguage\":\"pt-BR\",\"publisher\":{\"@id\":\"https:\\\/\\\/mediallabor.com.br\\\/blog\\\/#organization\"}}]}\n\t\t<\/script>\n\t\t<!-- All in One SEO -->\n\n","aioseo_head_json":{"title":"Doen\u00e7as bucais: sinais, preven\u00e7\u00e3o e quando procurar dentista na Zona Norte de S\u00e3o Paulo ","description":"Descubra os principais sinais de doen\u00e7as bucais e quando procurar um dentista na Zona Norte de S\u00e3o Paulo. Agende sua avalia\u00e7\u00e3o na Medial Labor.","canonical_url":"https:\/\/mediallabor.com.br\/blog\/doencas-bucais-zona-norte-sp\/","robots":"max-image-preview:large","keywords":"","webmasterTools":{"miscellaneous":""},"schema":{"@context":"https:\/\/schema.org","@graph":[{"@type":"BlogPosting","@id":"https:\/\/mediallabor.com.br\/blog\/doencas-bucais-zona-norte-sp\/#blogposting","name":"Doen\u00e7as bucais: sinais, preven\u00e7\u00e3o e quando procurar dentista na Zona Norte de S\u00e3o Paulo","headline":"Doen\u00e7as bucais: sinais, preven\u00e7\u00e3o e quando procurar dentista na Zona Norte de S\u00e3o Paulo\u00a0","author":{"@id":"https:\/\/mediallabor.com.br\/blog\/author\/higorfsm\/#author"},"publisher":{"@id":"https:\/\/mediallabor.com.br\/blog\/#organization"},"image":{"@type":"ImageObject","url":"https:\/\/mediallabor.com.br\/blog\/wp-content\/uploads\/2026\/08\/Medial-Labor-Banner-Blog-7.jpg","width":2240,"height":1260},"datePublished":"2026-08-19T11:56:23+00:00","dateModified":"2026-08-19T11:57:59+00:00","inLanguage":"pt-BR","mainEntityOfPage":{"@id":"https:\/\/mediallabor.com.br\/blog\/doencas-bucais-zona-norte-sp\/#webpage"},"isPartOf":{"@id":"https:\/\/mediallabor.com.br\/blog\/doencas-bucais-zona-norte-sp\/#webpage"},"articleSection":"Dentista, Exames, dentista, medial labor, vila sabrina, zona norte"},{"@type":"BreadcrumbList","@id":"https:\/\/mediallabor.com.br\/blog\/doencas-bucais-zona-norte-sp\/#breadcrumblist","itemListElement":[{"@type":"ListItem","@id":"https:\/\/mediallabor.com.br\/blog#listItem","position":1,"name":"Home","item":"https:\/\/mediallabor.com.br\/blog","nextItem":{"@type":"ListItem","@id":"https:\/\/mediallabor.com.br\/blog\/category\/exames\/#listItem","name":"Exames"}},{"@type":"ListItem","@id":"https:\/\/mediallabor.com.br\/blog\/category\/exames\/#listItem","position":2,"name":"Exames","item":"https:\/\/mediallabor.com.br\/blog\/category\/exames\/","nextItem":{"@type":"ListItem","@id":"https:\/\/mediallabor.com.br\/blog\/doencas-bucais-zona-norte-sp\/#listItem","name":"Doen\u00e7as bucais: sinais, preven\u00e7\u00e3o e quando procurar dentista na Zona Norte de S\u00e3o Paulo\u00a0"},"previousItem":{"@type":"ListItem","@id":"https:\/\/mediallabor.com.br\/blog#listItem","name":"Home"}},{"@type":"ListItem","@id":"https:\/\/mediallabor.com.br\/blog\/doencas-bucais-zona-norte-sp\/#listItem","position":3,"name":"Doen\u00e7as bucais: sinais, preven\u00e7\u00e3o e quando procurar dentista na Zona Norte de S\u00e3o Paulo\u00a0","previousItem":{"@type":"ListItem","@id":"https:\/\/mediallabor.com.br\/blog\/category\/exames\/#listItem","name":"Exames"}}]},{"@type":"Organization","@id":"https:\/\/mediallabor.com.br\/blog\/#organization","url":"https:\/\/mediallabor.com.br\/blog\/"},{"@type":"Person","@id":"https:\/\/mediallabor.com.br\/blog\/author\/higorfsm\/#author","url":"https:\/\/mediallabor.com.br\/blog\/author\/higorfsm\/","name":"higorfsm","image":{"@type":"ImageObject","@id":"https:\/\/mediallabor.com.br\/blog\/doencas-bucais-zona-norte-sp\/#authorImage","url":"https:\/\/secure.gravatar.com\/avatar\/2b8cd05d218bf4c7709ca2ea0d97758a?s=96&d=mm&r=g","width":96,"height":96,"caption":"higorfsm"}},{"@type":"WebPage","@id":"https:\/\/mediallabor.com.br\/blog\/doencas-bucais-zona-norte-sp\/#webpage","url":"https:\/\/mediallabor.com.br\/blog\/doencas-bucais-zona-norte-sp\/","name":"Doen\u00e7as bucais: sinais, preven\u00e7\u00e3o e quando procurar dentista na Zona Norte de S\u00e3o Paulo","description":"Descubra os principais sinais de doen\u00e7as bucais e quando procurar um dentista na Zona Norte de S\u00e3o Paulo. Agende sua avalia\u00e7\u00e3o na Medial Labor.","inLanguage":"pt-BR","isPartOf":{"@id":"https:\/\/mediallabor.com.br\/blog\/#website"},"breadcrumb":{"@id":"https:\/\/mediallabor.com.br\/blog\/doencas-bucais-zona-norte-sp\/#breadcrumblist"},"author":{"@id":"https:\/\/mediallabor.com.br\/blog\/author\/higorfsm\/#author"},"creator":{"@id":"https:\/\/mediallabor.com.br\/blog\/author\/higorfsm\/#author"},"image":{"@type":"ImageObject","url":"https:\/\/mediallabor.com.br\/blog\/wp-content\/uploads\/2026\/08\/Medial-Labor-Banner-Blog-7.jpg","@id":"https:\/\/mediallabor.com.br\/blog\/doencas-bucais-zona-norte-sp\/#mainImage","width":2240,"height":1260},"primaryImageOfPage":{"@id":"https:\/\/mediallabor.com.br\/blog\/doencas-bucais-zona-norte-sp\/#mainImage"},"datePublished":"2026-08-19T11:56:23+00:00","dateModified":"2026-08-19T11:57:59+00:00"},{"@type":"WebSite","@id":"https:\/\/mediallabor.com.br\/blog\/#website","url":"https:\/\/mediallabor.com.br\/blog\/","inLanguage":"pt-BR","publisher":{"@id":"https:\/\/mediallabor.com.br\/blog\/#organization"}}]},"og:locale":"pt_BR","og:site_name":"-","og:type":"article","og:title":"Doen\u00e7as bucais: sinais, preven\u00e7\u00e3o e quando procurar dentista na Zona Norte de S\u00e3o Paulo ","og:description":"Descubra os principais sinais de doen\u00e7as bucais e quando procurar um dentista na Zona Norte de S\u00e3o Paulo. Agende sua avalia\u00e7\u00e3o na Medial Labor.","og:url":"https:\/\/mediallabor.com.br\/blog\/doencas-bucais-zona-norte-sp\/","og:image":"https:\/\/mediallabor.com.br\/blog\/wp-content\/uploads\/2026\/08\/Medial-Labor-Banner-Blog-7.jpg","og:image:secure_url":"https:\/\/mediallabor.com.br\/blog\/wp-content\/uploads\/2026\/08\/Medial-Labor-Banner-Blog-7.jpg","og:image:width":2240,"og:image:height":1260,"article:published_time":"2026-08-19T11:56:23+00:00","article:modified_time":"2026-08-19T11:57:59+00:00","twitter:card":"summary_large_image","twitter:title":"Doen\u00e7as bucais: sinais, preven\u00e7\u00e3o e quando procurar dentista na Zona Norte de S\u00e3o Paulo ","twitter:description":"Descubra os principais sinais de doen\u00e7as bucais e quando procurar um dentista na Zona Norte de S\u00e3o Paulo. Agende sua avalia\u00e7\u00e3o na Medial Labor.","twitter:image":"https:\/\/mediallabor.com.br\/blog\/wp-content\/uploads\/2026\/08\/Medial-Labor-Banner-Blog-7.jpg"},"aioseo_meta_data":{"post_id":"646","title":"#post_title","description":"Descubra os principais sinais de doen\u00e7as bucais e quando procurar um dentista na Zona Norte de S\u00e3o Paulo. Agende sua avalia\u00e7\u00e3o na Medial Labor.","keywords":null,"keyphrases":{"focus":{"keyphrase":"","score":0,"analysis":{"keyphraseInTitle":{"score":0,"maxScore":9,"error":1}}},"additional":[]},"primary_term":null,"canonical_url":null,"og_title":"#post_title","og_description":"Descubra os principais sinais de doen\u00e7as bucais e quando procurar um dentista na Zona Norte de S\u00e3o Paulo. Agende sua avalia\u00e7\u00e3o na Medial Labor.","og_object_type":"default","og_image_type":"custom_image","og_image_url":"https:\/\/mediallabor.com.br\/blog\/wp-content\/uploads\/2026\/08\/Medial-Labor-Banner-Blog-7.jpg","og_image_width":"2240","og_image_height":"1260","og_image_custom_url":"https:\/\/mediallabor.com.br\/blog\/wp-content\/uploads\/2026\/08\/Medial-Labor-Banner-Blog-7.jpg","og_image_custom_fields":null,"og_video":"","og_custom_url":null,"og_article_section":null,"og_article_tags":null,"twitter_use_og":false,"twitter_card":"default","twitter_image_type":"default","twitter_image_url":null,"twitter_image_custom_url":null,"twitter_image_custom_fields":null,"twitter_title":null,"twitter_description":null,"schema":{"blockGraphs":[],"customGraphs":[],"default":{"data":{"Article":[],"Course":[],"Dataset":[],"FAQPage":[],"Movie":[],"Person":[],"Product":[],"ProductReview":[],"Car":[],"Recipe":[],"Service":[],"SoftwareApplication":[],"WebPage":[]},"graphName":"BlogPosting","isEnabled":true},"graphs":[]},"schema_type":"default","schema_type_options":null,"pillar_content":false,"robots_default":true,"robots_noindex":false,"robots_noarchive":false,"robots_nosnippet":false,"robots_nofollow":false,"robots_noimageindex":false,"robots_noodp":false,"robots_notranslate":false,"robots_max_snippet":"-1","robots_max_videopreview":"-1","robots_max_imagepreview":"large","priority":null,"frequency":"default","local_seo":null,"breadcrumb_settings":null,"limit_modified_date":false,"ai":{"faqs":[],"keyPoints":[],"schemas":[],"titles":[],"descriptions":["Identifique sinais precoces de doen\u00e7as bucais e saiba quando ir ao dentista. Cuidar da boca vai al\u00e9m da est\u00e9tica e evita complica\u00e7\u00f5es.","Dor, sangramento ou mau h\u00e1lito? Veja os sinais que n\u00e3o devem ser ignorados e como prevenir com h\u00e1bitos simples.","Sa\u00fade bucal \u00e9 preven\u00e7\u00e3o: aprenda a reconhecer sintomas comuns e manter consultas regulares ao dentista na Zona Norte de SP.","N\u00e3o ignore sinais na boca. Conhe\u00e7a sintomas, preven\u00e7\u00e3o di\u00e1ria e como agendar atendimento odontol\u00f3gico confi\u00e1vel.","Se j\u00e1 percebeu desconforto, aprenda o que fazer: sintomas bucais, preven\u00e7\u00e3o eficaz e op\u00e7\u00f5es de atendimento na Zona Norte de SP."],"socialPosts":{"email":{"subject":"","preview":"","content":""},"linkedin":[],"twitter":[],"facebook":[],"instagram":[]}},"created":"2026-08-19 11:42:36","updated":"2026-08-19 11:57:59","seo_analyzer_scan_date":null,"focus_keyword":null,"additional_keywords":null,"truseo_locale":null},"aioseo_breadcrumb":"<div class=\"aioseo-breadcrumbs\"><span class=\"aioseo-breadcrumb\">\n\t\t\t<a href=\"https:\/\/mediallabor.com.br\/blog\" title=\"Home\">Home<\/a>\n\t\t<\/span><span class=\"aioseo-breadcrumb-separator\">&raquo;<\/span><span class=\"aioseo-breadcrumb\">\n\t\t\t<a href=\"https:\/\/mediallabor.com.br\/blog\/category\/exames\/\" title=\"Exames\">Exames<\/a>\n\t\t<\/span><span class=\"aioseo-breadcrumb-separator\">&raquo;<\/span><span class=\"aioseo-breadcrumb\">\n\t\t\tDoen\u00e7as bucais: sinais, preven\u00e7\u00e3o e quando procurar dentista na Zona Norte de S\u00e3o Paulo \n\t\t<\/span><\/div>","aioseo_breadcrumb_json":[{"label":"Home","link":"https:\/\/mediallabor.com.br\/blog"},{"label":"Exames","link":"https:\/\/mediallabor.com.br\/blog\/category\/exames\/"},{"label":"Doen\u00e7as bucais: sinais, preven\u00e7\u00e3o e quando procurar dentista na Zona Norte de S\u00e3o Paulo\u00a0","link":"https:\/\/mediallabor.com.br\/blog\/doencas-bucais-zona-norte-sp\/"}],"_links":{"self":[{"href":"https:\/\/mediallabor.com.br\/blog\/wp-json\/wp\/v2\/posts\/646","targetHints":{"allow":["GET"]}}],"collection":[{"href":"https:\/\/mediallabor.com.br\/blog\/wp-json\/wp\/v2\/posts"}],"about":[{"href":"https:\/\/mediallabor.com.br\/blog\/wp-json\/wp\/v2\/types\/post"}],"author":[{"embeddable":true,"href":"https:\/\/mediallabor.com.br\/blog\/wp-json\/wp\/v2\/users\/1"}],"replies":[{"embeddable":true,"href":"https:\/\/mediallabor.com.br\/blog\/wp-json\/wp\/v2\/comments?post=646"}],"version-history":[{"count":1,"href":"https:\/\/mediallabor.com.br\/blog\/wp-json\/wp\/v2\/posts\/646\/revisions"}],"predecessor-version":[{"id":648,"href":"https:\/\/mediallabor.com.br\/blog\/wp-json\/wp\/v2\/posts\/646\/revisions\/648"}],"wp:featuredmedia":[{"embeddable":true,"href":"https:\/\/mediallabor.com.br\/blog\/wp-json\/wp\/v2\/media\/647"}],"wp:attachment":[{"href":"https:\/\/mediallabor.com.br\/blog\/wp-json\/wp\/v2\/media?parent=646"}],"wp:term":[{"taxonomy":"category","embeddable":true,"href":"https:\/\/mediallabor.com.br\/blog\/wp-json\/wp\/v2\/categories?post=646"},{"taxonomy":"post_tag","embeddable":true,"href":"https:\/\/mediallabor.com.br\/blog\/wp-json\/wp\/v2\/tags?post=646"}],"curies":[{"name":"wp","href":"https:\/\/api.w.org\/{rel}","templated":true}]}}